{"id":104337,"date":"2023-07-06T14:09:10","date_gmt":"2023-07-06T17:09:10","guid":{"rendered":"https:\/\/www.actualidadadiario.com\/?p=104337"},"modified":"2023-07-06T14:09:10","modified_gmt":"2023-07-06T17:09:10","slug":"cerruti-afirmo-que-la-inauguracion-del-gasoducto-nestor-kirchner-va-a-cambiar-a-la-argentina-para-siempre","status":"publish","type":"post","link":"https:\/\/www.actualidadadiario.com\/index.php\/2023\/07\/06\/cerruti-afirmo-que-la-inauguracion-del-gasoducto-nestor-kirchner-va-a-cambiar-a-la-argentina-para-siempre\/","title":{"rendered":"Cerruti afirm\u00f3 que \u201cla inauguraci\u00f3n del Gasoducto N\u00e9stor Kirchner va a cambiar a la Argentina para siempre\u201d"},"content":{"rendered":"<p style=\"text-align: center;\"><em><strong>La portavoz valor\u00f3 el crecimiento registrado en el empleo, la construcci\u00f3n, la actividad industrial y la miner\u00eda, que refleja la expansi\u00f3n \u201cque estamos teniendo en todos los sectores de la econom\u00eda\u201d<\/strong><\/em><\/p>\n<p>&nbsp;<\/p>\n<p>&nbsp;<\/p>\n<p>La portavoz de la Presidencia, Gabriela Cerruti, afirm\u00f3 hoy que el Gasoducto N\u00e9stor Kirchner que se va a inaugurar este domingo es \u201cuna obra emblem\u00e1tica\u201d de infraestructura que \u201cva a cambiar a la Argentina para siempre\u201d, y tambi\u00e9n valor\u00f3 el crecimiento registrado en el empleo, la construcci\u00f3n, la actividad industrial y la miner\u00eda, que refleja la expansi\u00f3n \u201cque estamos teniendo en todos los sectores de la econom\u00eda\u201d.<\/p>\n<p>\u201cEsta suba del empleo industrial est\u00e1 aportando al del empleo general, que lleva 33 meses seguidos de crecimiento\u201d, se\u00f1al\u00f3 la funcionaria, y en ese punto precis\u00f3 que \u201cla construcci\u00f3n tambi\u00e9n marca 33 meses consecutivos de incremento del empleo, con casi un mill\u00f3n cien mil puestos de trabajo creados y 460 mil trabajadores activos en este momento en el sector\u201d.<\/p>\n<p>Cerruti subray\u00f3 que \u201cmucho de ese crecimiento de los trabajadores registrados de la construcci\u00f3n tiene que ver con la enorme cantidad de obra p\u00fablica que se est\u00e1 llevando adelante. Son m\u00e1s de 6 mil obras grandes en todo el pa\u00eds, por lo que cualquier ciudadano de la Argentina puede ver que cerca tiene una ruta, un puente o alguna obra que est\u00e1 haciendo el Gobierno nacional\u201d.<\/p>\n<p>La portavoz afirm\u00f3 que \u201ctodo este crecimiento del empleo queremos que sea registrado, porque sabemos que cada vez que se abren y se discuten las paritarias los trabajadores registrados pueden ver incrementados sus salarios y fortalecerse frente a la inflaci\u00f3n\u201d.<\/p>\n<p>Y en ese marco ponder\u00f3 que el Ministerio de Trabajo anunci\u00f3 ayer un nuevo programa de apoyo a la registraci\u00f3n para el blanqueo de trabajadores PyMES no registrados, que va a tener 3 millones de beneficiarios, fijar\u00e1 un seguro de desempleo, contemplar\u00e1 un aporte a los empresarios y establecer\u00e1 un registro nacional\u201d.<\/p>\n<p>En tanto, Cerruti expres\u00f3 que \u201cel pr\u00f3ximo domingo se va a llevar adelante la inauguraci\u00f3n formal del Gasoducto N\u00e9stor Kicrhner, la \u201cobra de infraestructura m\u00e1s grande de la historia argentina que permitir\u00e1 que solamente este a\u00f1o se recuperen 200 millones de d\u00f3lares de gastos de energ\u00eda y ahorrar para el a\u00f1o que viene 4.200 millones de d\u00f3lares en importaciones\u201d, y adem\u00e1s detall\u00f3 que \u201crealizarlo en tiempo r\u00e9cord como se hizo, en ocho meses cuando estaba previsto en 24, signific\u00f3 la generaci\u00f3n de 50 mil puestos de trabajo\u201d.<\/p>\n<p>Adem\u00e1s, asever\u00f3 que \u201cesta obra es emblem\u00e1tica no solamente porque cambia la matriz energ\u00e9tica y productiva, porque es soberan\u00eda argentina, sino porque demuestra que cuando un Estado se compromete a llevar adelante una obra, \u00e9sta se puede realizar\u201d, y en este sentido record\u00f3 que \u201cel proyecto se inici\u00f3 en el a\u00f1o 2014 con Cristina Fern\u00e1ndez pero el gobierno de Mauricio Macri decidi\u00f3 no llevarlo adelante\u201d.<\/p>\n<p>Y, a\u00f1adi\u00f3 que \u201cestar haciendo algo que representa la independencia econ\u00f3mica de la Argentina y la soberan\u00eda energ\u00e9tica, el mismo 9 de julio, nos parece un hecho de una trascendencia enorme. Mientras Rodr\u00edguez Larreta habla del pa\u00eds del siglo pasado, nosotros hablamos del siglo que viene\u201d.<\/p>\n","protected":false},"excerpt":{"rendered":"<p>La portavoz valor\u00f3 el crecimiento registrado en el empleo, la construcci\u00f3n, la actividad industrial y la miner\u00eda, que refleja la expansi\u00f3n \u201cque estamos teniendo en todos los sectores de la econom\u00eda\u201d &nbsp; &nbsp; La portavoz de la Presidencia, Gabriela Cerruti, afirm\u00f3 hoy que el Gasoducto N\u00e9stor Kirchner que se va a inaugurar este domingo es \u201cuna obra emblem\u00e1tica\u201d de infraestructura que \u201cva a cambiar a la Argentina para siempre\u201d, y tambi\u00e9n valor\u00f3 el crecimiento registrado en el empleo, la construcci\u00f3n, la actividad industrial y la miner\u00eda, que refleja la expansi\u00f3n&#8230;<\/p>\n","protected":false},"author":3,"featured_media":104338,"comment_status":"closed","ping_status":"closed","sticky":false,"template":"","format":"standard","meta":[],"categories":[18],"tags":[],"_links":{"self":[{"href":"https:\/\/www.actualidadadiario.com\/index.php\/wp-json\/wp\/v2\/posts\/104337"}],"collection":[{"href":"https:\/\/www.actualidadadiario.com\/index.php\/wp-json\/wp\/v2\/posts"}],"about":[{"href":"https:\/\/www.actualidadadiario.com\/index.php\/wp-json\/wp\/v2\/types\/post"}],"author":[{"embeddable":true,"href":"https:\/\/www.actualidadadiario.com\/index.php\/wp-json\/wp\/v2\/users\/3"}],"replies":[{"embeddable":true,"href":"https:\/\/www.actualidadadiario.com\/index.php\/wp-json\/wp\/v2\/comments?post=104337"}],"version-history":[{"count":2,"href":"https:\/\/www.actualidadadiario.com\/index.php\/wp-json\/wp\/v2\/posts\/104337\/revisions"}],"predecessor-version":[{"id":104340,"href":"https:\/\/www.actualidadadiario.com\/index.php\/wp-json\/wp\/v2\/posts\/104337\/revisions\/104340"}],"wp:featuredmedia":[{"embeddable":true,"href":"https:\/\/www.actualidadadiario.com\/index.php\/wp-json\/wp\/v2\/media\/104338"}],"wp:attachment":[{"href":"https:\/\/www.actualidadadiario.com\/index.php\/wp-json\/wp\/v2\/media?parent=104337"}],"wp:term":[{"taxonomy":"category","embeddable":true,"href":"https:\/\/www.actualidadadiario.com\/index.php\/wp-json\/wp\/v2\/categories?post=104337"},{"taxonomy":"post_tag","embeddable":true,"href":"https:\/\/www.actualidadadiario.com\/index.php\/wp-json\/wp\/v2\/tags?post=104337"}],"curies":[{"name":"wp","href":"https:\/\/api.w.org\/{rel}","templated":true}]}}