{"id":104335,"date":"2023-07-06T14:08:22","date_gmt":"2023-07-06T17:08:22","guid":{"rendered":"https:\/\/www.actualidadadiario.com\/?p=104335"},"modified":"2023-07-06T14:08:22","modified_gmt":"2023-07-06T17:08:22","slug":"abrieron-una-investigacion-preliminar-por-la-denuncia-de-venta-de-candidaturas-en-la-fuerza-de-javier-milei","status":"publish","type":"post","link":"https:\/\/www.actualidadadiario.com\/index.php\/2023\/07\/06\/abrieron-una-investigacion-preliminar-por-la-denuncia-de-venta-de-candidaturas-en-la-fuerza-de-javier-milei\/","title":{"rendered":"Abrieron una investigaci\u00f3n preliminar por la denuncia de venta de candidaturas en la fuerza de Javier Milei"},"content":{"rendered":"<p style=\"text-align: center;\"><em><strong>El fiscal federal con competencia electoral Ramiro Gonz\u00e1lez se hizo eco de las denuncias p\u00fablicas de ex militantes de La Libertad Avanza<\/strong><\/em><\/p>\n<p>&nbsp;<\/p>\n<p>&nbsp;<\/p>\n<p>El fiscal federal con competencia electoral Ramiro Gonz\u00e1lez abri\u00f3 hoy una \u201cinvestigaci\u00f3n preliminar\u201d a ra\u00edz de las denuncias p\u00fablicas sobre la supuesta venta de candidaturas en La Libertad Avanza, la fuerza pol\u00edtica de Javier Milei.<\/p>\n<p>El fiscal convoc\u00f3 a declarar como testigos a dos ex integrantes de La Libertad Avanza hoy distanciados de Milei,\u00a0 Carlos Maslat\u00f3n y Juan Carlos Blumberg, quienes brindaron declaraciones medi\u00e1ticas sobre ese supuesto pedido de dinero para acceder a candidaturas.<\/p>\n<p>Bumberg precis\u00f3 incluso que el pedido de dinero era canalizado a trav\u00e9s de operadores pol\u00edticos de Milei, entre ellos su hermana Karina.<\/p>\n<p>La iniciativa del fiscal no implica, al menos por ahora, la apertura de una causa judicial.<\/p>\n<p>Se trata de una instancia previa, que Gonz\u00e1lez impuls\u00f3 de oficio\u00a0 con el objetivo de garantizar \u201cla transparencia de las organizaciones partidarias en sus acciones durante el proceso electoral\u201d.<\/p>\n<p>En la C\u00e1mara Federal porte\u00f1a no ingres\u00f3 hasta ahora ninguna denuncia penal formal ni contra Milei, ni contra La Libertad Avanza.<\/p>\n<p>Tampoco hay denuncia alguna de Milei hacia Blumberg, tal como lo hab\u00eda anunciado el controvertido precandidato presidencial.<\/p>\n<p>El fiscal Gonz\u00e1lez impuls\u00f3 la investigaci\u00f3n preliminar \u201cen el marco de las facultades y obligaciones que tiene esta Fiscal\u00eda Federal con competencia Electoral\u201d.<\/p>\n<p>La investigaci\u00f3n apunta a \u201cdeterminar si los sucesos recopilados infringen la normativa que regula el proceso electoral\u201d.<\/p>\n<p>Adem\u00e1s de Maslat\u00f3n y Blumberg fueron citados como testigos la legisladora porte\u00f1a Rebeca Fleitas y Mila Zurbriggen, una militante que se alej\u00f3 de La Libertad Avanza disconforme con los manejos internos de esa fuerza.<\/p>\n","protected":false},"excerpt":{"rendered":"<p>El fiscal federal con competencia electoral Ramiro Gonz\u00e1lez se hizo eco de las denuncias p\u00fablicas de ex militantes de La Libertad Avanza &nbsp; &nbsp; El fiscal federal con competencia electoral Ramiro Gonz\u00e1lez abri\u00f3 hoy una \u201cinvestigaci\u00f3n preliminar\u201d a ra\u00edz de las denuncias p\u00fablicas sobre la supuesta venta de candidaturas en La Libertad Avanza, la fuerza pol\u00edtica de Javier Milei. El fiscal convoc\u00f3 a declarar como testigos a dos ex integrantes de La Libertad Avanza hoy distanciados de Milei,\u00a0 Carlos Maslat\u00f3n y Juan Carlos Blumberg, quienes brindaron declaraciones medi\u00e1ticas sobre ese&#8230;<\/p>\n","protected":false},"author":3,"featured_media":103326,"comment_status":"closed","ping_status":"closed","sticky":false,"template":"","format":"standard","meta":[],"categories":[18],"tags":[],"_links":{"self":[{"href":"https:\/\/www.actualidadadiario.com\/index.php\/wp-json\/wp\/v2\/posts\/104335"}],"collection":[{"href":"https:\/\/www.actualidadadiario.com\/index.php\/wp-json\/wp\/v2\/posts"}],"about":[{"href":"https:\/\/www.actualidadadiario.com\/index.php\/wp-json\/wp\/v2\/types\/post"}],"author":[{"embeddable":true,"href":"https:\/\/www.actualidadadiario.com\/index.php\/wp-json\/wp\/v2\/users\/3"}],"replies":[{"embeddable":true,"href":"https:\/\/www.actualidadadiario.com\/index.php\/wp-json\/wp\/v2\/comments?post=104335"}],"version-history":[{"count":1,"href":"https:\/\/www.actualidadadiario.com\/index.php\/wp-json\/wp\/v2\/posts\/104335\/revisions"}],"predecessor-version":[{"id":104336,"href":"https:\/\/www.actualidadadiario.com\/index.php\/wp-json\/wp\/v2\/posts\/104335\/revisions\/104336"}],"wp:featuredmedia":[{"embeddable":true,"href":"https:\/\/www.actualidadadiario.com\/index.php\/wp-json\/wp\/v2\/media\/103326"}],"wp:attachment":[{"href":"https:\/\/www.actualidadadiario.com\/index.php\/wp-json\/wp\/v2\/media?parent=104335"}],"wp:term":[{"taxonomy":"category","embeddable":true,"href":"https:\/\/www.actualidadadiario.com\/index.php\/wp-json\/wp\/v2\/categories?post=104335"},{"taxonomy":"post_tag","embeddable":true,"href":"https:\/\/www.actualidadadiario.com\/index.php\/wp-json\/wp\/v2\/tags?post=104335"}],"curies":[{"name":"wp","href":"https:\/\/api.w.org\/{rel}","templated":true}]}}