{"id":104332,"date":"2023-07-06T14:07:33","date_gmt":"2023-07-06T17:07:33","guid":{"rendered":"https:\/\/www.actualidadadiario.com\/?p=104332"},"modified":"2023-07-06T14:07:33","modified_gmt":"2023-07-06T17:07:33","slug":"se-cumple-un-mes-de-protestas-multitudinarias-represion-y-denuncias-de-apremios-en-jujuy","status":"publish","type":"post","link":"https:\/\/www.actualidadadiario.com\/index.php\/2023\/07\/06\/se-cumple-un-mes-de-protestas-multitudinarias-represion-y-denuncias-de-apremios-en-jujuy\/","title":{"rendered":"Se cumple un mes de protestas multitudinarias, represi\u00f3n y denuncias de apremios en Jujuy"},"content":{"rendered":"<p style=\"text-align: center;\"><em><strong>Mapa cronol\u00f3gico de una pr\u00e1ctica estatal de otras \u00e9pocas como bandera de campa\u00f1a electoral<\/strong><\/em><\/p>\n<p>&nbsp;<\/p>\n<p>&nbsp;<\/p>\n<p>El r\u00e1pido tratamiento y aprobaci\u00f3n de la reforma parcial de la Constituci\u00f3n de Jujuy, entre protestas multitudinarias, implic\u00f3 en su proceso reiterados hechos de represi\u00f3n, allanamientos controvertidos, el armado de causas y detenciones cuestionadas por colectivos de derechos humanos, advirtieron abogados y defensores de manifestantes, al cumplirse este mi\u00e9rcoles un mes del inicio de las protestas.<\/p>\n<p>Encabezadas por los gremios docentes y estatales, las movilizaciones comenzaron el 5 de junio pasado en demanda de recomposici\u00f3n salarial para ambos sectores, pero casi de inmediato derivaron en rechazos al texto normativo de la nueva Constituci\u00f3n, cuya aprobaci\u00f3n motiv\u00f3 el repudio absoluto de diversos sectores de la sociedad.<\/p>\n<p>En un contexto de tensi\u00f3n permanente, los cuestionamientos fueron alcanzando de manera transversal a comunidades ind\u00edgenas, sindicatos y organismos de derechos humanos, entre ellos Familiares de Detenidos y Desaparecidos, Hijos-Jujuy y Abogados y Abogadas del Noroeste Argentino en DDHH y estudios sociales (Andhes).<\/p>\n<p>Estas entidades, junto a otras instituciones de la sociedad civil, denunciaron la vulneraci\u00f3n de sus derechos producidas por las modificaciones en los art\u00edculos de la Carta Magna provincial.<\/p>\n<p>&nbsp;<\/p>\n<p><strong>Una nueva marcha en la Jujuy de Morales<\/strong><\/p>\n<p>Una nueva marcha se llev\u00f3 a cabo esta noche en las calles de la capital provincial con el objetivo de conseguir la aclamada \u00abdeclaraci\u00f3n de inconstitucionalidad\u00bb o la \u00abanulaci\u00f3n\u00bb de la reforma constitucional que ya rige en este territorio.<\/p>\n<p>\u00abA un mes de iniciada nuestra lucha, volvemos a iluminar las calles con nuestros reclamos por salarios dignos y derechos plenos\u00bb, coincidieron diversos colectivos al formar una larga columna que march\u00f3 en la fr\u00eda noche de San Salvador de Jujuy con antorchas y velas.<\/p>\n<p>Entre los movilizados predominaba la consigna \u00abarriba los derechos, arriba las wiphalas, abajo la reforma\u00bb, para luego abogar por la \u00abdefensa de la democracia en Jujuy\u00bb.<\/p>\n<p>En paralelo a la marcha de antorchas, en otros puntos de la provincia se registraban al menos m\u00e1s de diez cortes de rutas nacionales y provinciales por parte de comunidades originarias, campesinos, productores, docentes y activistas.<\/p>\n<p>&nbsp;<\/p>\n<p><strong>La g\u00e9nesis del autoritarismo en Jujuy<\/strong><\/p>\n<p>La Convenci\u00f3n Constituyente de Jujuy aprob\u00f3 en la madrugada del 16 de junio la reforma parcial de la Constituci\u00f3n, luego de suscribir el texto general y cada uno de los art\u00edculos con los votos de los representantes del Frente Cambia Jujuy, encabezados por el gobernador y precandidato a vicepresidente Gerardo Morales.<\/p>\n<p>La aprobaci\u00f3n tambi\u00e9n cont\u00f3 con el voto positivo de algunos representantes del Frente Justicialista, lo que abri\u00f3 otra fuerte pol\u00e9mica en el peronismo de Jujuy.<\/p>\n<p>La sanci\u00f3n del poder constituyente fue catalogada como \u00abexpr\u00e9s\u00bb por varios sectores pol\u00edticos y sociales, desde donde cuestionaron lo que definieron como una aprobaci\u00f3n \u00abentre gallos y medianoche\u00bb.<\/p>\n<p>Eso exacerb\u00f3 el descontento y en esa misma jornada se inici\u00f3 un corte sobre la ruta nacional 9, en el acceso a la ciudad de La Quiaca, donde los movilizados soportaron temperaturas de hasta 10 grados bajo cero mientras manten\u00edan el reclamo.<\/p>\n<p>Entre los art\u00edculos m\u00e1s repudiados del texto constitucional se destaca el cap\u00edtulo denominado \u00abDerecho a la paz social y la convivencia democr\u00e1tica pac\u00edfica\u00bb, que en uno de sus apartados ratifica \u00abla prohibici\u00f3n de cortes de calles y cortes de rutas, as\u00ed como toda otra perturbaci\u00f3n al derecho a la libre circulaci\u00f3n de las personas\u00bb.<\/p>\n<p>Adem\u00e1s, en ese cap\u00edtulo se proh\u00edbe expresamente \u00abla ocupaci\u00f3n indebida de edificios p\u00fablicos en la provincia\u00bb.<\/p>\n<p>En el articulado sobre tierras fiscales, cap\u00edtulo rechazado por las comunidades ind\u00edgenas, se establece que \u00abla tierra es un bien de trabajo y de producci\u00f3n\u00bb, por lo que \u00abla ley regular\u00e1 la administraci\u00f3n, disposici\u00f3n y destino de las tierras fiscales susceptibles de aprovechamiento productivo\u00bb.<\/p>\n<p>Ese apartado remarca que en la regulaci\u00f3n del suelo que figure en los catastros como propiedad del Estado se establecer\u00e1n \u00abreg\u00edmenes de fomento que promuevan el desarrollo territorial y el inter\u00e9s socioecon\u00f3mico de la provincia\u00bb.<\/p>\n<p>El mismo 16 de junio, en horas de la tarde, la polic\u00eda de la provincia intent\u00f3 avanzar con el desalojo de manifestantes que se encontraban reclamando sobre la ruta nacional 9 en la localidad de Abra Pampa, en la regi\u00f3n de la puna, 216 kil\u00f3metros al norte de San Salvador.<\/p>\n<p>El 17 de junio, ind\u00edgenas apostados en el corte de las rutas 9 y 52 a la altura de la localidad de Purmamarca, en la quebrada de Humahuaca, sufrieron al menos cuatro hechos de represi\u00f3n a lo largo del d\u00eda, lo que dej\u00f3 como saldo m\u00faltiples heridos y detenidos.<\/p>\n<p>&nbsp;<\/p>\n<p><strong>Las v\u00edctimas de la represi\u00f3n<\/strong><\/p>\n<p>Misael Lamas, estudiante de 17 a\u00f1os, perdi\u00f3 uno de sus ojos al recibir un balazo de goma durante el operativo de la polic\u00eda, denunciaron los miembros de la comunidad.<\/p>\n<p>El 20 de junio, luego de una breve sesi\u00f3n de la Asamblea Constituyente que encabez\u00f3 el propio Morales, se jur\u00f3 el nuevo texto normativo de la Carta Magna provincial.<\/p>\n<p>La aprobaci\u00f3n y jura desat\u00f3 una fuerte represi\u00f3n en la zona c\u00e9ntrica de la capital, sobre todo en las inmediaciones de la Legislatura.<\/p>\n<p>Las calles c\u00e9ntricas fueron el escenario del avance policial que se extendi\u00f3 por m\u00e1s de cuatro horas con persecuciones, balazos de goma y detenciones que fueron denunciadas como \u00abilegales\u00bb.<\/p>\n<p>La jornada, que coincidi\u00f3 con el aniversario de la muerte de Manuel Belgrano en 1820, termin\u00f3 con 170 heridos y al menos 60 detenidos.<\/p>\n<p>Jorge Rodr\u00edguez, trabajador municipal, qued\u00f3 tendido esa ma\u00f1ana en el suelo inconsciente y herido de gravedad al perder uno de sus ojos.<\/p>\n<p>El pasado s\u00e1bado, esta vez en la ciudad de Humahuaca, los alrededores del Concejo Deliberante fueron escenario de una manifestaci\u00f3n en reclamo de que los ediles se pronunciaran contra la reforma constitucional.<\/p>\n<p>Entrada la madrugada y luego de conseguir la resoluci\u00f3n legislativa, un nuevo episodio de represi\u00f3n policial fue el desenlace de los reclamos.<\/p>\n<p>Joel Paredes, joven de 28 a\u00f1os, quien participaba de la protesta junto a la banda de m\u00fasica de la que forma parte, recibi\u00f3 un balazo de goma en la cara y perdi\u00f3 el ojo derecho.<\/p>\n<p>A estos hechos se sum\u00f3 el caso de un joven de 18 a\u00f1os con incapacidad motora que hab\u00eda sido arrestado el 20 de junio en el marco de la represi\u00f3n.<\/p>\n<p>El 28 de junio fue nuevamente encarcelado, esta vez junto a su pareja adolescente de 17 a\u00f1os, tras un allanamiento \u00abilegal\u00bb y \u00absin orden judicial\u00bb, denunci\u00f3 a T\u00e9lam su abogada Alejandra Cejas, exdiputada provincial.<\/p>\n<p>El joven detenido se llama Marcos Antonio Dom\u00ednguez (18) y su pareja Bel\u00e9n Ontiveros (17), quienes seg\u00fan la denuncia de la letrada fueron detenidos en horas de la madrugada cuando efectivos policiales \u00abingresaron violentamente\u00bb al domicilio, ubicado en el barrio Coronel Arias de la capital.<\/p>\n<p>&nbsp;<\/p>\n<p><strong>Otra vez, contra Milagro Sala<\/strong><\/p>\n<p>El 29 de junio, efectivos policiales allanaron la vivienda de la dirigente social Milagro Sala en el barrio Cuyaya, en el marco de una causa derivada de las manifestaciones ocurridas en Jujuy.<\/p>\n<p>El procedimiento fue dispuesto por el juez de Control en lo Penal Econ\u00f3mico y Delitos contra la Administraci\u00f3n, Rodolfo Fern\u00e1ndez, con intervenci\u00f3n del fiscal Diego Funes, quienes ordenaron secuestrar los celulares de los integrantes de la casa como tambi\u00e9n documentaci\u00f3n vinculada a la T\u00fapac Amaru, contaron allegados a la propia Sala, que cumple arresto domiciliario.<\/p>\n<p>Ese mismo d\u00eda, la docente y actriz juje\u00f1a Camila M\u00fcller denunci\u00f3 ante la Justicia ordinaria que fue agredida f\u00edsicamente y amedrentada por tres personas encapuchadas que irrumpieron en su domicilio.<\/p>\n<p>El episodio vivido por la actriz M\u00fcller fue denunciado como un acto de \u00abviolencia\u00bb y \u00abpersecuci\u00f3n\u00bb y motiv\u00f3 el repudio de instituciones y colectivos de artistas, quienes responsabilizaron por lo ocurrido al gobernador Morales.<\/p>\n<p>\u00abNo te hagas la revolucionaria, ya te tenemos junada\u00bb, fue una de las expresiones que escuch\u00f3 M\u00fcller tras el ingreso de desconocidos a su domicilio.<\/p>\n<p>La artista relatar\u00eda luego que las personas que entraron a su casa se retiraron del lugar sin llevarse nada, contaron allegados a la joven.<\/p>\n<p>Otro de las agresiones denunciadas involucra a un joven juje\u00f1o que film\u00f3 con su celular el desplazamiento de un contingente de la polic\u00eda en cercan\u00edas del domicilio del gobernador el pasado martes 20 de junio, mientras se aprobaba la reforma parcial de la Constituci\u00f3n provincial.<\/p>\n<p>El joven, de 32 a\u00f1os y de quien se preserva su identidad, permanece detenido mientras su defensa reclama su inmediata libertad.<\/p>\n<p>El individuo cumple prisi\u00f3n preventiva desde el viernes 26 de junio en la sede de la Brigada de Investigaciones ubicada en el barrio Chijra, en San Salvador.<\/p>\n<p>La acusaci\u00f3n contra el joven se vali\u00f3 de la filmaci\u00f3n hecha con su celular de un grupo de efectivos que se desplazaba hacia al domicilio de Morales en un barrio de San Salvador, im\u00e1genes que luego se multiplicaron en sitios web y redes mientras ocurr\u00edan detenciones y \u2018apremios ilegales\u2019 en los alrededores de la vieja terminal de \u00f3mnibus.<\/p>\n<p>Ayer, el fiscal de Estado de Jujuy, Miguel Rivas, indic\u00f3 en una rueda de prensa que se \u00abperseguir\u00e1\u00bb a quienes \u00abhayan cometido il\u00edcitos\u00bb durante las protestas y los cortes de ruta.<\/p>\n<p>\u00abSe trata de acciones il\u00edcitas, perpetradas por personas violentas, con una virulencia majestuosa, que realmente est\u00e1n atacando el orden constitucional\u00bb, sostuvo el fiscal, y a\u00f1adi\u00f3: \u00abSe va a instar a que de forma inmediata se proceda a la detenci\u00f3n efectiva de los delincuentes\u00bb.<\/p>\n<p>Adem\u00e1s, inform\u00f3 que desde el ministerio p\u00fablico de la provincia se buscar\u00e1 que \u00abse apliquen los montos mayores de penas previstas para cada delito\u00bb.<\/p>\n<p>El fiscal de Estado declar\u00f3 incluso que \u00ablos autores materiales, c\u00f3mplices e instigadores\u00bb de hechos que se consideren como delitos podr\u00edan recibir \u00abhasta 25 a\u00f1os de c\u00e1rcel\u00bb y no habilit\u00f3 ninguna instancia de di\u00e1logo con los manifestantes, que ya llevan un mes de protestas en todo el territorio.<\/p>\n","protected":false},"excerpt":{"rendered":"<p>Mapa cronol\u00f3gico de una pr\u00e1ctica estatal de otras \u00e9pocas como bandera de campa\u00f1a electoral &nbsp; &nbsp; El r\u00e1pido tratamiento y aprobaci\u00f3n de la reforma parcial de la Constituci\u00f3n de Jujuy, entre protestas multitudinarias, implic\u00f3 en su proceso reiterados hechos de represi\u00f3n, allanamientos controvertidos, el armado de causas y detenciones cuestionadas por colectivos de derechos humanos, advirtieron abogados y defensores de manifestantes, al cumplirse este mi\u00e9rcoles un mes del inicio de las protestas. Encabezadas por los gremios docentes y estatales, las movilizaciones comenzaron el 5 de junio pasado en demanda de&#8230;<\/p>\n","protected":false},"author":3,"featured_media":104333,"comment_status":"closed","ping_status":"closed","sticky":false,"template":"","format":"standard","meta":[],"categories":[18],"tags":[],"_links":{"self":[{"href":"https:\/\/www.actualidadadiario.com\/index.php\/wp-json\/wp\/v2\/posts\/104332"}],"collection":[{"href":"https:\/\/www.actualidadadiario.com\/index.php\/wp-json\/wp\/v2\/posts"}],"about":[{"href":"https:\/\/www.actualidadadiario.com\/index.php\/wp-json\/wp\/v2\/types\/post"}],"author":[{"embeddable":true,"href":"https:\/\/www.actualidadadiario.com\/index.php\/wp-json\/wp\/v2\/users\/3"}],"replies":[{"embeddable":true,"href":"https:\/\/www.actualidadadiario.com\/index.php\/wp-json\/wp\/v2\/comments?post=104332"}],"version-history":[{"count":1,"href":"https:\/\/www.actualidadadiario.com\/index.php\/wp-json\/wp\/v2\/posts\/104332\/revisions"}],"predecessor-version":[{"id":104334,"href":"https:\/\/www.actualidadadiario.com\/index.php\/wp-json\/wp\/v2\/posts\/104332\/revisions\/104334"}],"wp:featuredmedia":[{"embeddable":true,"href":"https:\/\/www.actualidadadiario.com\/index.php\/wp-json\/wp\/v2\/media\/104333"}],"wp:attachment":[{"href":"https:\/\/www.actualidadadiario.com\/index.php\/wp-json\/wp\/v2\/media?parent=104332"}],"wp:term":[{"taxonomy":"category","embeddable":true,"href":"https:\/\/www.actualidadadiario.com\/index.php\/wp-json\/wp\/v2\/categories?post=104332"},{"taxonomy":"post_tag","embeddable":true,"href":"https:\/\/www.actualidadadiario.com\/index.php\/wp-json\/wp\/v2\/tags?post=104332"}],"curies":[{"name":"wp","href":"https:\/\/api.w.org\/{rel}","templated":true}]}}