{"id":104327,"date":"2023-07-06T13:57:46","date_gmt":"2023-07-06T16:57:46","guid":{"rendered":"https:\/\/www.actualidadadiario.com\/?p=104327"},"modified":"2023-07-06T15:16:16","modified_gmt":"2023-07-06T18:16:16","slug":"cuenta-regresiva-para-vacaciones-de-invierno-11","status":"publish","type":"post","link":"https:\/\/www.actualidadadiario.com\/index.php\/2023\/07\/06\/cuenta-regresiva-para-vacaciones-de-invierno-11\/","title":{"rendered":"Cuenta regresiva para vacaciones de invierno"},"content":{"rendered":"<p style=\"text-align: center;\"><em><strong>El receso escolar en nuestro pa\u00eds se espera con ansias, y el Consejo Federal de Educaci\u00f3n ya estableci\u00f3 el inicio del mismo en las distintas jurisdicciones<\/strong><\/em><\/p>\n<p>&nbsp;<\/p>\n<p>&nbsp;<\/p>\n<p>A pocos d\u00edas de que finalice el sexto mes del a\u00f1o, la cuenta regresiva para las esperadas vacaciones de invierno est\u00e1 llegando a su fin. El ciclo lectivo tendr\u00e1 su receso y es una gran oportunidad para quienes deseen realizar alguna escapada.<\/p>\n<p>Por tal motivo, las ciudades sure\u00f1as argentinas son las m\u00e1s elegidas a la hora de visitar un nuevo destino en una \u00e9poca ideal por las bajas temperaturas y sus caracter\u00edsticos paisajes.<\/p>\n<p>&nbsp;<\/p>\n<p><strong>Vacaciones de invierno del 10 al 21 de julio<\/strong><\/p>\n<p>Las siguientes provincias hacen el receso invernal durante este per\u00edodo. (El feriado del 9 de julio cae el domingo previo).<\/p>\n<ul>\n<li>Catamarca<\/li>\n<li>C\u00f3rdoba<\/li>\n<li>Corrientes<\/li>\n<li>Entre R\u00edos<\/li>\n<li>Formosa<\/li>\n<li>La Pampa<\/li>\n<li>La Rioja<\/li>\n<li>Mendoza<\/li>\n<li>Neuqu\u00e9n<\/li>\n<li>R\u00edo Negro<\/li>\n<li>Salta<\/li>\n<li>San Juan<\/li>\n<li>San Luis<\/li>\n<li>Tucum\u00e1n<\/li>\n<\/ul>\n<p>&nbsp;<\/p>\n<p><strong>Vacaciones de Invierno del 17 al 28 de julio<\/strong><\/p>\n<p>Las siguientes provincias hacen el receso invernal durante este per\u00edodo:<\/p>\n<ul>\n<li>Ciudad Aut\u00f3noma de Buenos Aires<\/li>\n<li>Provincia de Buenos Aires<\/li>\n<li>Chaco<\/li>\n<li>Chubut<\/li>\n<li>Jujuy<\/li>\n<li>Santa Cruz<\/li>\n<li>Santa Fe<\/li>\n<li>Santiago del Estero<\/li>\n<li>Tierra del Fuego<\/li>\n<\/ul>\n","protected":false},"excerpt":{"rendered":"<p>El receso escolar en nuestro pa\u00eds se espera con ansias, y el Consejo Federal de Educaci\u00f3n ya estableci\u00f3 el inicio del mismo en las distintas jurisdicciones &nbsp; &nbsp; A pocos d\u00edas de que finalice el sexto mes del a\u00f1o, la cuenta regresiva para las esperadas vacaciones de invierno est\u00e1 llegando a su fin. El ciclo lectivo tendr\u00e1 su receso y es una gran oportunidad para quienes deseen realizar alguna escapada. Por tal motivo, las ciudades sure\u00f1as argentinas son las m\u00e1s elegidas a la hora de visitar un nuevo destino en&#8230;<\/p>\n","protected":false},"author":3,"featured_media":104229,"comment_status":"closed","ping_status":"closed","sticky":false,"template":"","format":"standard","meta":[],"categories":[9],"tags":[],"_links":{"self":[{"href":"https:\/\/www.actualidadadiario.com\/index.php\/wp-json\/wp\/v2\/posts\/104327"}],"collection":[{"href":"https:\/\/www.actualidadadiario.com\/index.php\/wp-json\/wp\/v2\/posts"}],"about":[{"href":"https:\/\/www.actualidadadiario.com\/index.php\/wp-json\/wp\/v2\/types\/post"}],"author":[{"embeddable":true,"href":"https:\/\/www.actualidadadiario.com\/index.php\/wp-json\/wp\/v2\/users\/3"}],"replies":[{"embeddable":true,"href":"https:\/\/www.actualidadadiario.com\/index.php\/wp-json\/wp\/v2\/comments?post=104327"}],"version-history":[{"count":1,"href":"https:\/\/www.actualidadadiario.com\/index.php\/wp-json\/wp\/v2\/posts\/104327\/revisions"}],"predecessor-version":[{"id":104328,"href":"https:\/\/www.actualidadadiario.com\/index.php\/wp-json\/wp\/v2\/posts\/104327\/revisions\/104328"}],"wp:featuredmedia":[{"embeddable":true,"href":"https:\/\/www.actualidadadiario.com\/index.php\/wp-json\/wp\/v2\/media\/104229"}],"wp:attachment":[{"href":"https:\/\/www.actualidadadiario.com\/index.php\/wp-json\/wp\/v2\/media?parent=104327"}],"wp:term":[{"taxonomy":"category","embeddable":true,"href":"https:\/\/www.actualidadadiario.com\/index.php\/wp-json\/wp\/v2\/categories?post=104327"},{"taxonomy":"post_tag","embeddable":true,"href":"https:\/\/www.actualidadadiario.com\/index.php\/wp-json\/wp\/v2\/tags?post=104327"}],"curies":[{"name":"wp","href":"https:\/\/api.w.org\/{rel}","templated":true}]}}