{"id":104317,"date":"2023-07-06T12:34:11","date_gmt":"2023-07-06T15:34:11","guid":{"rendered":"https:\/\/www.actualidadadiario.com\/?p=104317"},"modified":"2023-07-06T12:34:11","modified_gmt":"2023-07-06T15:34:11","slug":"por-desmontes-entre-rios-pierde-mas-de-tres-mil-hectareas-por-ano","status":"publish","type":"post","link":"https:\/\/www.actualidadadiario.com\/index.php\/2023\/07\/06\/por-desmontes-entre-rios-pierde-mas-de-tres-mil-hectareas-por-ano\/","title":{"rendered":"Por desmontes, Entre R\u00edos pierde m\u00e1s de tres mil hect\u00e1reas por a\u00f1o"},"content":{"rendered":"<p style=\"text-align: center;\"><em><strong>Estos \u00faltimos a\u00f1os (de 2016 a 2020), se han perdido en promedio en nuestra provincia entre 2300 y 3500 hect\u00e1reas de bosques nativos por a\u00f1o. Y en 2021, la estad\u00edstica hace un pico de 9024 hect\u00e1reas perdidas por deforestaci\u00f3n en Entre R\u00edos. La zona m\u00e1s afectada por los desmontes es el centro-norte provincial: los departamentos Feliciano, La Paz y Federal est\u00e1n a la cabeza<\/strong><\/em><\/p>\n<p>&nbsp;<\/p>\n<p>&nbsp;<\/p>\n<p>Adem\u00e1s -y como ocurre en gran parte del pa\u00eds-, en Entre R\u00edos se desmontan m\u00e1s hect\u00e1reas de bosques que las extensiones que finalmente resultan infraccionadas mediante procedimientos oficiales.<\/p>\n<p>El doctor Pablo Ace\u00f1olaza, Investigador del Conicet y profesor de Forestales de la Universidad Nacional de Entre R\u00edos (UNER), explic\u00f3 en el programa \u201cCuesti\u00f3n de Fondo\u201d (Canal 9, Litoral), que la tasa de desmonte (velocidad con que los bosques se van perdiendo), \u201cno es lineal, sino que se da como si fueran pulsos\u201d.<\/p>\n<p>\u201cHay estudios hechos para nuestra regi\u00f3n que muestran que lo que incide en esos pulsos de desmonte es el precio de soja. Los momentos de mayor desmonte se produjeron cuando la soja val\u00eda mucho. Al contrario, cuando la soja no val\u00eda nada, el inter\u00e9s por la nueva tierra cultivable disminu\u00eda y por lo tanto disminu\u00eda la tasa de desmonte\u201d, explic\u00f3.<\/p>\n<p>Sin embargo, el profesional aclar\u00f3: hay un par\u00e1metro que no se visualiza y que debe ser tenido en cuenta: \u201cEl monte nativo no debe ser visto como que est\u00e1 o no est\u00e1, ya que posee muchas etapas intermedias: entre ellas, la recuperaci\u00f3n de desmonte, o la degradaci\u00f3n en montes que son mejor conservados. Y esa degradaci\u00f3n es mucho m\u00e1s dif\u00edcil de visualizar que el propio desmonte. Hoy d\u00eda, uno podr\u00eda saber en tiempo casi real donde se est\u00e1 desmontando mediante las herramientas tecnol\u00f3gicas. En cambio, es mucho m\u00e1s dif\u00edcil saber d\u00f3nde y cu\u00e1nto se est\u00e1 degradando el monte; cu\u00e1nto se est\u00e1 entresacando le\u00f1a; cu\u00e1nto se est\u00e1 perdiendo biomasa o vegetaci\u00f3n; o degradando por una carga excesiva ganadera o mal uso del pastero. Todo esto es m\u00e1s dif\u00edcil de evaluar\u201d.<\/p>\n<p>&nbsp;<\/p>\n<p><strong>Herramientas tecnol\u00f3gicas<\/strong><\/p>\n<p>Si bien las tareas de desmontes siguen en varios sectores de la provincia, hay m\u00e9todos que posee el Estado que buscan detectar (con la mayor prontitud posible) las talas. Sin embargo, coinciden distintos profesionales consultados para este informe, no siempre se llega a tiempo.<\/p>\n<p>En cuanto a dispositivos tecnol\u00f3gicos, la Naci\u00f3n y la Provincia poseen herramientas de control y relevamiento del monte nativo. En tanto, desde el CONICET local tambi\u00e9n se est\u00e1 trabajando en un proyecto que, conf\u00edan, pronto pueda estar funcionando.<\/p>\n<p>&nbsp;<\/p>\n<p><strong>Cantidad de hect\u00e1reas<\/strong><\/p>\n<p>El investigador explic\u00f3 que Entre R\u00edos posee 1,4 millones de hect\u00e1reas de monte denominado \u201cDel Espinal\u201d. \u201cLa tasa de deforestaci\u00f3n o de p\u00e9rdida constatada por Ambiente de la Naci\u00f3n, es de aproximadamente entre el 0,5 y 1 por ciento por a\u00f1o. Uno puede decir que es bajo, pero no lo es: En diez a\u00f1os es haber perdido entre el 5 y el 10 por ciento de lo que nos est\u00e1 quedando del monte nativo. Y, encima, lo que queda es monte que est\u00e1 degradado, y ah\u00ed se debe trabajar mucho\u201d.<\/p>\n<p>Traducido el c\u00e1lculo al que hace referencia Ace\u00f1olaza, estar\u00edamos hablando que Entre R\u00edos podr\u00eda estar perdiendo m\u00e1s de 7 mil hect\u00e1reas de monte nativo por a\u00f1o.<\/p>\n<p>Por su parte, la organizaci\u00f3n internacional Greenpeace (una de las entidades m\u00e1s respetadas en el mundo), publica en su informe 2022 sobre deforestaci\u00f3n, un cuadro sobre \u201cP\u00e9rdida de Tierras Forestales\u201d en todas las provincias argentinas.<\/p>\n<p>Dicho trabajo detalla que estos \u00faltimos a\u00f1os (de 2016 a 2020), se han perdido en promedio en nuestra provincia entre 2.300 y 3.500 hect\u00e1reas de bosques nativos por a\u00f1o. Y en 2021, la estad\u00edstica hace un pico de 9.024 hect\u00e1reas perdidas por deforestaci\u00f3n en Entre R\u00edos.<\/p>\n<p>&nbsp;<\/p>\n<p><strong>Problemas en el Estado<\/strong><\/p>\n<p>\u201cEl Estado muchas veces no tiene todas las herramientas. Posee una serie de problemas estructurales que no le permite llegar a tiempo y obtener un resultado final de evaluaci\u00f3n que logre frenar un desmonte, o solicitar una recomposici\u00f3n del da\u00f1o. Esto sucede porque hay poca gente en los entes gubernamentales, y porque esos entes no poseen una estructura de financiamiento que no le da autarqu\u00eda y cuando esos entes necesitan recursos, les cuesta mucho\u201d, explic\u00f3 Ace\u00f1olaza.<\/p>\n<p>\u201cEn el momento que se produce un desmonte, hay que mover un veh\u00edculo de inmediato, llevar tres personas, contar con personal policial, un drone y dem\u00e1s herramientas que puedan obtener informaci\u00f3n que luego sea utilizada por la justicia para determinar si el da\u00f1o ambiental fue ese o no. Tambi\u00e9n sucede que hay miles de situaciones en las cuales se pudo comprobar que no hubo desmonte de bosque nativo\u201d, explic\u00f3 Ace\u00f1olaza.<\/p>\n<p>&nbsp;<\/p>\n<p><strong>La voz oficial<\/strong><\/p>\n<p>La coordinadora de Bosques Nativos de Entre R\u00edos, ingeniera agr\u00f3noma Andrea Cislaghi, explic\u00f3 que la zona m\u00e1s afectada por los desmontes es el centro-norte provincial, con los Departamentos Feliciano, La Paz y Federal a la cabeza.<\/p>\n<p>La funcionaria explic\u00f3 que cuando reciben una denuncia (an\u00f3nima o en base a informantes claves del organismo), se procede a actuar en territorio, labr\u00e1ndose un acta. All\u00ed constan las especies afectadas, la titularidad de la maquinaria utilizada y se deja copia a quien est\u00e9 en ese momento en el campo. Posteriormente, se le da un plazo razonable para que ellos puedan realizar su descargo. Luego de realiza un dictamen t\u00e9cnico, adem\u00e1s de un informe legal y donde se los notifica de la multa o un plan de reparaci\u00f3n o restauraci\u00f3n. \u201cActualmente, estamos con varios expedientes en conclusi\u00f3n, con multas de alto valor monetario, as\u00ed como tambi\u00e9n la aplicaci\u00f3n de planes de restauraci\u00f3n o recomposici\u00f3n para que se repare el da\u00f1o y planes de manejos de suelo\u201d, sostuvo<\/p>\n<p>Cislaghi destac\u00f3 que el monitoreo es constante y de manera interinstitucional, donde se trabaja en conjunto entre esta Coordinaci\u00f3n, la Secretar\u00eda de Ambiente y el \u00e1rea de Delitos Rurales de la polic\u00eda. Hace un tiempo se establecieron los protocolos para que cuando surge una alerta, se pueda actuar en territorio y de manera inmediata para evitar el desmonte\u201d.<\/p>\n<p>Las especies m\u00e1s afectadas -seg\u00fan la ingeniera agr\u00f3noma-, son el \u00f1andubay, algarrobo y espinillo.<\/p>\n<p>Cislaghi explic\u00f3 que desde hace unos a\u00f1os existe una normativa mediante la cual se establecen tres categor\u00edas relacionadas al monte: La roja, la amarilla y la verde. Los montes de la primera categor\u00eda no pueden tocarse ni intervenirse en absoluto, ya que deben conservarse. La amarilla es la que permite realizar algunas intervenciones, siempre y cuando se presente (y autorice) un plan ambiental sostenible para una posible intervenci\u00f3n. Finalmente, la categor\u00eda verde es la categor\u00eda que permite una intervenci\u00f3n.<\/p>\n<p>Sin embargo, hoy por hoy no se est\u00e1 aprobando el cambio de uso del suelo. En otras palabras, en la actualidad se encuentran prohibidos los desmontes en nuestra provincia. Ello sucede a ra\u00edz que est\u00e1 vencido el Ordenamiento territorial de Bosques nativos, por lo que se espera y trabaja en una pronta actualizaci\u00f3n.<\/p>\n","protected":false},"excerpt":{"rendered":"<p>Estos \u00faltimos a\u00f1os (de 2016 a 2020), se han perdido en promedio en nuestra provincia entre 2300 y 3500 hect\u00e1reas de bosques nativos por a\u00f1o. Y en 2021, la estad\u00edstica hace un pico de 9024 hect\u00e1reas perdidas por deforestaci\u00f3n en Entre R\u00edos. La zona m\u00e1s afectada por los desmontes es el centro-norte provincial: los departamentos Feliciano, La Paz y Federal est\u00e1n a la cabeza &nbsp; &nbsp; Adem\u00e1s -y como ocurre en gran parte del pa\u00eds-, en Entre R\u00edos se desmontan m\u00e1s hect\u00e1reas de bosques que las extensiones que finalmente resultan&#8230;<\/p>\n","protected":false},"author":3,"featured_media":103898,"comment_status":"closed","ping_status":"closed","sticky":false,"template":"","format":"standard","meta":[],"categories":[15],"tags":[],"_links":{"self":[{"href":"https:\/\/www.actualidadadiario.com\/index.php\/wp-json\/wp\/v2\/posts\/104317"}],"collection":[{"href":"https:\/\/www.actualidadadiario.com\/index.php\/wp-json\/wp\/v2\/posts"}],"about":[{"href":"https:\/\/www.actualidadadiario.com\/index.php\/wp-json\/wp\/v2\/types\/post"}],"author":[{"embeddable":true,"href":"https:\/\/www.actualidadadiario.com\/index.php\/wp-json\/wp\/v2\/users\/3"}],"replies":[{"embeddable":true,"href":"https:\/\/www.actualidadadiario.com\/index.php\/wp-json\/wp\/v2\/comments?post=104317"}],"version-history":[{"count":1,"href":"https:\/\/www.actualidadadiario.com\/index.php\/wp-json\/wp\/v2\/posts\/104317\/revisions"}],"predecessor-version":[{"id":104318,"href":"https:\/\/www.actualidadadiario.com\/index.php\/wp-json\/wp\/v2\/posts\/104317\/revisions\/104318"}],"wp:featuredmedia":[{"embeddable":true,"href":"https:\/\/www.actualidadadiario.com\/index.php\/wp-json\/wp\/v2\/media\/103898"}],"wp:attachment":[{"href":"https:\/\/www.actualidadadiario.com\/index.php\/wp-json\/wp\/v2\/media?parent=104317"}],"wp:term":[{"taxonomy":"category","embeddable":true,"href":"https:\/\/www.actualidadadiario.com\/index.php\/wp-json\/wp\/v2\/categories?post=104317"},{"taxonomy":"post_tag","embeddable":true,"href":"https:\/\/www.actualidadadiario.com\/index.php\/wp-json\/wp\/v2\/tags?post=104317"}],"curies":[{"name":"wp","href":"https:\/\/api.w.org\/{rel}","templated":true}]}}