{"id":104312,"date":"2023-07-06T12:32:23","date_gmt":"2023-07-06T15:32:23","guid":{"rendered":"https:\/\/www.actualidadadiario.com\/?p=104312"},"modified":"2023-07-06T12:32:23","modified_gmt":"2023-07-06T15:32:23","slug":"sesiona-el-congreso-de-agmer","status":"publish","type":"post","link":"https:\/\/www.actualidadadiario.com\/index.php\/2023\/07\/06\/sesiona-el-congreso-de-agmer\/","title":{"rendered":"Sesiona el Congreso de Agmer"},"content":{"rendered":"<p style=\"text-align: center;\"><em><strong>El c\u00f3nclave se realiza desde las 9, con modalidad presencial, en el Camping Pucar\u00e1 VIII de la ciudad de Paran\u00e1. Se eval\u00faa la propuesta salarial presentada por el Gobierno provincial, que se comprometi\u00f3 a sostener los salarios un 7% por encima de la inflaci\u00f3n de julio. Para las 18 est\u00e1 convocada la continuidad de la paritaria docente<\/strong><\/em><\/p>\n<p>&nbsp;<\/p>\n<p>&nbsp;<\/p>\n<p>Se trata de la segunda sesi\u00f3n del 200\u00ba Congreso Extraordinario de Agmer, que hab\u00eda pasado a cuarto intermedio tras sesionar en Diamante el jueves pasado.<\/p>\n<p>En esta oportunidad, el gremio docente mayoritario discutir\u00e1 la oferta econ\u00f3mica presentada por las autoridades provinciales en el marco de la paritaria docente, cuando propuso que los salarios superen en un 7% la inflaci\u00f3n de julio y se comprometi\u00f3 a analizar la base de c\u00e1lculo para el segundo semestre.<\/p>\n<p>En ese encuentro, que se realiz\u00f3 martes en la Secretar\u00eda de Trabajo, los gremios docentes y el Gobierno acordaron realizar una nueva audiencia este jueves a las 18, a fin de continuar la discusi\u00f3n sobre la base de en qu\u00e9 mes se aplicar\u00e1n eventuales futuros aumentos a los salarios.<\/p>\n<p>La Comisi\u00f3n Directiva Central de Agmer inform\u00f3 que durante el Congreso de este jueves se dar\u00e1 continuidad al tratamiento del siguiente temario:<\/p>\n<p>-Elecci\u00f3n mesa del congreso<\/p>\n<p>-Informe de gesti\u00f3n<\/p>\n<p>-An\u00e1lisis de la situaci\u00f3n Nacional y Provincial<\/p>\n<p>-Estrategias a seguir<\/p>\n<p>-Lectura y aprobaci\u00f3n del acta<\/p>\n","protected":false},"excerpt":{"rendered":"<p>El c\u00f3nclave se realiza desde las 9, con modalidad presencial, en el Camping Pucar\u00e1 VIII de la ciudad de Paran\u00e1. Se eval\u00faa la propuesta salarial presentada por el Gobierno provincial, que se comprometi\u00f3 a sostener los salarios un 7% por encima de la inflaci\u00f3n de julio. Para las 18 est\u00e1 convocada la continuidad de la paritaria docente &nbsp; &nbsp; Se trata de la segunda sesi\u00f3n del 200\u00ba Congreso Extraordinario de Agmer, que hab\u00eda pasado a cuarto intermedio tras sesionar en Diamante el jueves pasado. En esta oportunidad, el gremio docente&#8230;<\/p>\n","protected":false},"author":3,"featured_media":104267,"comment_status":"closed","ping_status":"closed","sticky":false,"template":"","format":"standard","meta":[],"categories":[15],"tags":[],"_links":{"self":[{"href":"https:\/\/www.actualidadadiario.com\/index.php\/wp-json\/wp\/v2\/posts\/104312"}],"collection":[{"href":"https:\/\/www.actualidadadiario.com\/index.php\/wp-json\/wp\/v2\/posts"}],"about":[{"href":"https:\/\/www.actualidadadiario.com\/index.php\/wp-json\/wp\/v2\/types\/post"}],"author":[{"embeddable":true,"href":"https:\/\/www.actualidadadiario.com\/index.php\/wp-json\/wp\/v2\/users\/3"}],"replies":[{"embeddable":true,"href":"https:\/\/www.actualidadadiario.com\/index.php\/wp-json\/wp\/v2\/comments?post=104312"}],"version-history":[{"count":1,"href":"https:\/\/www.actualidadadiario.com\/index.php\/wp-json\/wp\/v2\/posts\/104312\/revisions"}],"predecessor-version":[{"id":104313,"href":"https:\/\/www.actualidadadiario.com\/index.php\/wp-json\/wp\/v2\/posts\/104312\/revisions\/104313"}],"wp:featuredmedia":[{"embeddable":true,"href":"https:\/\/www.actualidadadiario.com\/index.php\/wp-json\/wp\/v2\/media\/104267"}],"wp:attachment":[{"href":"https:\/\/www.actualidadadiario.com\/index.php\/wp-json\/wp\/v2\/media?parent=104312"}],"wp:term":[{"taxonomy":"category","embeddable":true,"href":"https:\/\/www.actualidadadiario.com\/index.php\/wp-json\/wp\/v2\/categories?post=104312"},{"taxonomy":"post_tag","embeddable":true,"href":"https:\/\/www.actualidadadiario.com\/index.php\/wp-json\/wp\/v2\/tags?post=104312"}],"curies":[{"name":"wp","href":"https:\/\/api.w.org\/{rel}","templated":true}]}}