{"id":104309,"date":"2023-07-06T12:31:32","date_gmt":"2023-07-06T15:31:32","guid":{"rendered":"https:\/\/www.actualidadadiario.com\/?p=104309"},"modified":"2023-07-06T12:31:32","modified_gmt":"2023-07-06T15:31:32","slug":"la-facultad-de-trabajo-social-organiza-debates-entre-ganadores-y-ganadoras-de-las-paso-para-la-intendencia-de-parana-y-a-la-gobernacion","status":"publish","type":"post","link":"https:\/\/www.actualidadadiario.com\/index.php\/2023\/07\/06\/la-facultad-de-trabajo-social-organiza-debates-entre-ganadores-y-ganadoras-de-las-paso-para-la-intendencia-de-parana-y-a-la-gobernacion\/","title":{"rendered":"La Facultad de Trabajo Social organiza debates entre ganadores y ganadoras de las PASO  para  la intendencia de Paran\u00e1 y a la Gobernaci\u00f3n"},"content":{"rendered":"<p style=\"text-align: center;\"><em><strong>Se prev\u00e9 que ambos eventos sean transmitidos en vivo a trav\u00e9s de diferentes plataformas comunicacionales. La organizaci\u00f3n profesional de los debates est\u00e1 siendo coordinada por el periodista Antonio Tardelli y el Licenciado en Ciencia Pol\u00edtica Nahuel Barid\u00f3n. Los mismos tendr\u00e1n lugar durante el mes de septiembre<\/strong><\/em><\/p>\n<p>&nbsp;<\/p>\n<p>&nbsp;<\/p>\n<p>La Facultad de Trabajo Social (FTS) de la Universidad Nacional de Entre R\u00edos (UNER) se encuentra trabajando en la realizaci\u00f3n de debates entre candidatas y candidatos a la intendencia de la ciudad de Paran\u00e1, as\u00ed como entre las y los aspirantes a ocupar la Casa Gris.<\/p>\n<p>En este sentido, la Decana expres\u00f3 que \u201cel objetivo es generar espacios donde la ciudadan\u00eda pueda conocer y comparar qu\u00e9 proponen las diferentes fuerzas pol\u00edticas. Y es importante que se produzcan en nuestra Casa, puesto que contamos con polit\u00f3logas y polit\u00f3logos, profesionales id\u00f3neos, para garantizar este proceso a partir de acuerdos con las distintas fuerzas pol\u00edticas, en cuanto a las reglas del debate\u201d.<\/p>\n<p>\u201cEn el marco de los 40 a\u00f1os de la recuperaci\u00f3n democr\u00e1tica, estos \u00e1mbitos de discusi\u00f3n se plantean como indispensables para el debate p\u00fablico y como una oportunidad de ofrecer m\u00e1s elementos a la ciudadan\u00eda para un ejercicio pleno de la democracia.\u00a0 El proyecto encuentra su fundamento en la carrera de Ciencia Pol\u00edtica de la Facultad, \u00e1mbito desde el cual se estudia e investiga sobre este tipo de iniciativas\u201d, se\u00f1alaron desde la web oficial de la Instituci\u00f3n.<\/p>\n<p>De este modo, la universidad p\u00fablica ser\u00e1 el terreno imparcial que pondr\u00e1 a disposici\u00f3n de la ciudadan\u00eda las propuestas electorales. A la fecha se invit\u00f3 a participar a todas las precandidatas y todos los precandidatos de las distintas coaliciones para, luego de las Primarias Abiertas Simult\u00e1neas y Obligatorias (PASO), concretar los debates con quienes resulten ganadoras y ganadores de los respectivos espacios.<\/p>\n<p>Se prev\u00e9 que ambos eventos sean transmitidos en vivo a trav\u00e9s de diferentes plataformas comunicacionales. La organizaci\u00f3n profesional de los debates est\u00e1 siendo coordinada por el periodista Antonio Tardelli y el Licenciado en Ciencia Pol\u00edtica Nahuel Barid\u00f3n.<\/p>\n<p>La Decana enfatiz\u00f3 en la relevancia de generar \u00e1mbitos de deliberaci\u00f3n colectiva y expres\u00f3 que la idea es contribuir a la institucionalizaci\u00f3n de los debates: \u201cEsperamos hacer una propuesta que se instale como modalidad permanente y contribuya a fortalecer la calidad democr\u00e1tica de nuestra ciudad y provincia. Los debates constituyen un marco democr\u00e1tico para proveer informaci\u00f3n a la ciudadan\u00eda y mostrar las diferencias pol\u00edticas entre candidatas y candidatos, con el objetivo de que se puedan comparar las propuestas sobre bases s\u00f3lidas. En este contexto, queremos promover\u00a0 un marco institucional respetuoso y profesional que garantice\u00a0 el intercambio de ideas, aspecto vital para cualquier proceso democr\u00e1tico\u201d, concluy\u00f3.<\/p>\n","protected":false},"excerpt":{"rendered":"<p>Se prev\u00e9 que ambos eventos sean transmitidos en vivo a trav\u00e9s de diferentes plataformas comunicacionales. La organizaci\u00f3n profesional de los debates est\u00e1 siendo coordinada por el periodista Antonio Tardelli y el Licenciado en Ciencia Pol\u00edtica Nahuel Barid\u00f3n. Los mismos tendr\u00e1n lugar durante el mes de septiembre &nbsp; &nbsp; La Facultad de Trabajo Social (FTS) de la Universidad Nacional de Entre R\u00edos (UNER) se encuentra trabajando en la realizaci\u00f3n de debates entre candidatas y candidatos a la intendencia de la ciudad de Paran\u00e1, as\u00ed como entre las y los aspirantes a&#8230;<\/p>\n","protected":false},"author":3,"featured_media":104310,"comment_status":"closed","ping_status":"closed","sticky":false,"template":"","format":"standard","meta":[],"categories":[15],"tags":[],"_links":{"self":[{"href":"https:\/\/www.actualidadadiario.com\/index.php\/wp-json\/wp\/v2\/posts\/104309"}],"collection":[{"href":"https:\/\/www.actualidadadiario.com\/index.php\/wp-json\/wp\/v2\/posts"}],"about":[{"href":"https:\/\/www.actualidadadiario.com\/index.php\/wp-json\/wp\/v2\/types\/post"}],"author":[{"embeddable":true,"href":"https:\/\/www.actualidadadiario.com\/index.php\/wp-json\/wp\/v2\/users\/3"}],"replies":[{"embeddable":true,"href":"https:\/\/www.actualidadadiario.com\/index.php\/wp-json\/wp\/v2\/comments?post=104309"}],"version-history":[{"count":1,"href":"https:\/\/www.actualidadadiario.com\/index.php\/wp-json\/wp\/v2\/posts\/104309\/revisions"}],"predecessor-version":[{"id":104311,"href":"https:\/\/www.actualidadadiario.com\/index.php\/wp-json\/wp\/v2\/posts\/104309\/revisions\/104311"}],"wp:featuredmedia":[{"embeddable":true,"href":"https:\/\/www.actualidadadiario.com\/index.php\/wp-json\/wp\/v2\/media\/104310"}],"wp:attachment":[{"href":"https:\/\/www.actualidadadiario.com\/index.php\/wp-json\/wp\/v2\/media?parent=104309"}],"wp:term":[{"taxonomy":"category","embeddable":true,"href":"https:\/\/www.actualidadadiario.com\/index.php\/wp-json\/wp\/v2\/categories?post=104309"},{"taxonomy":"post_tag","embeddable":true,"href":"https:\/\/www.actualidadadiario.com\/index.php\/wp-json\/wp\/v2\/tags?post=104309"}],"curies":[{"name":"wp","href":"https:\/\/api.w.org\/{rel}","templated":true}]}}