{"id":104306,"date":"2023-07-06T12:30:25","date_gmt":"2023-07-06T15:30:25","guid":{"rendered":"https:\/\/www.actualidadadiario.com\/?p=104306"},"modified":"2023-07-06T12:30:25","modified_gmt":"2023-07-06T15:30:25","slug":"bordet-coincidimos-con-sergio-massa-que-el-futuro-es-con-federalismo","status":"publish","type":"post","link":"https:\/\/www.actualidadadiario.com\/index.php\/2023\/07\/06\/bordet-coincidimos-con-sergio-massa-que-el-futuro-es-con-federalismo\/","title":{"rendered":"Bordet: \u201cCoincidimos con Sergio Massa que el futuro es con federalismo\u201d"},"content":{"rendered":"<p style=\"text-align: center;\"><em><strong>El mandatario entrerriano particip\u00f3 este mi\u00e9rcoles del encuentro de gobernadores y gobernadoras de Uni\u00f3n por la Patria con los precandidatos a presidente, Sergio Massa, a vicepresidente, Agust\u00edn Rossi y el ministro del Interior, Wado de Pedro. \u201cValoramos el proceso de unidad que logramos, porque es la \u00fanica forma de darle certezas y seguridad al pa\u00eds\u201d, dijo tras la reuni\u00f3n en Buenos Aires<\/strong><\/em><\/p>\n<p>&nbsp;<\/p>\n<p>&nbsp;<\/p>\n<p>\u201cFue un encuentro muy importante en el que delineamos los principales ejes del programa de trabajo que vamos a proponerle a las y los argentinos\u201d, explic\u00f3 Bordet tras la reuni\u00f3n que se llev\u00f3 a cabo este mi\u00e9rcoles.<\/p>\n<p>Y agreg\u00f3: \u201cEsto es, un proyecto de desarrollo, inclusivo y federal, que trascienda los l\u00edmites del centralismo e incorpore la realidad de las provincias para solucionar las inequidades que todav\u00eda sufre nuestro pueblo\u201d.<\/p>\n<p>El mandatario entrerriano explic\u00f3 que el proceso de unidad logrado es valorado \u201cporque es la \u00fanica forma de darle certezas y seguridad al pa\u00eds\u201d. Adem\u00e1s, puso de relieve que \u201ctanto Sergio Massa, como Agust\u00edn Rossi, Wado de Pedro, y todo el equipo tienen una profunda mirada federal, y conocen la realidad de las provincias.<\/p>\n<p>\u201cEstoy convencido que unidos vamos a poder dejar atr\u00e1s las divisiones del pa\u00eds e ir por m\u00e1s derechos, m\u00e1s trabajo y m\u00e1s inclusi\u00f3n para la Argentina\u201d, dijo.<\/p>\n<p>\u201cEn las pr\u00f3ximas semanas iremos desplegando las acciones de campa\u00f1a necesarias para llevar nuestro mensaje a los vecinos y vecinas de cada provincia. En el caso de Entre R\u00edos ya lo estamos haciendo con nuestros precandidatos a gobernador, Ad\u00e1n Bahl y a vicegobernadora, Claudia Monjo. Ambos son intendentes, tienen una gran experiencia en gestionar, transformar sus ciudades y brindar soluciones a las y los vecinos. Haremos un gran trabajo para consolidar el camino de desarrollo, producci\u00f3n, trabajo y di\u00e1logo que Entre R\u00edos y la Argentina necesitan\u201d, concluy\u00f3 Bordet.<\/p>\n<p>Participaron tambi\u00e9n del encuentro las y los gobernadores Axel Kicillof, de Buenos Aires;\u00a0 Gustavo Melella, de Tierra del Fuego; Mariano Arcioni, de Chubut; Oscar Herrera Ahuad, de Misiones; Ricardo Quintela, de La Rioja; Alicia Kirchner, de Santa Cruz; Juan Manzur, de Tucum\u00e1n; Gildo Insfran, de Formosa; Gerardo Zamora, de Santiago del Estero, Ra\u00fal Jalil, de Catamarca; Sergio Ziliotto, de La Pampa; y los vicegobernadores, Osvaldo Jaldo (Tucum\u00e1n), Antonio Marocco (Salta) y Anal\u00eda Rach Quiroga (Chaco), entre otros y otras.<\/p>\n","protected":false},"excerpt":{"rendered":"<p>El mandatario entrerriano particip\u00f3 este mi\u00e9rcoles del encuentro de gobernadores y gobernadoras de Uni\u00f3n por la Patria con los precandidatos a presidente, Sergio Massa, a vicepresidente, Agust\u00edn Rossi y el ministro del Interior, Wado de Pedro. \u201cValoramos el proceso de unidad que logramos, porque es la \u00fanica forma de darle certezas y seguridad al pa\u00eds\u201d, dijo tras la reuni\u00f3n en Buenos Aires &nbsp; &nbsp; \u201cFue un encuentro muy importante en el que delineamos los principales ejes del programa de trabajo que vamos a proponerle a las y los argentinos\u201d, explic\u00f3&#8230;<\/p>\n","protected":false},"author":3,"featured_media":104307,"comment_status":"closed","ping_status":"closed","sticky":false,"template":"","format":"standard","meta":[],"categories":[9,15],"tags":[],"_links":{"self":[{"href":"https:\/\/www.actualidadadiario.com\/index.php\/wp-json\/wp\/v2\/posts\/104306"}],"collection":[{"href":"https:\/\/www.actualidadadiario.com\/index.php\/wp-json\/wp\/v2\/posts"}],"about":[{"href":"https:\/\/www.actualidadadiario.com\/index.php\/wp-json\/wp\/v2\/types\/post"}],"author":[{"embeddable":true,"href":"https:\/\/www.actualidadadiario.com\/index.php\/wp-json\/wp\/v2\/users\/3"}],"replies":[{"embeddable":true,"href":"https:\/\/www.actualidadadiario.com\/index.php\/wp-json\/wp\/v2\/comments?post=104306"}],"version-history":[{"count":1,"href":"https:\/\/www.actualidadadiario.com\/index.php\/wp-json\/wp\/v2\/posts\/104306\/revisions"}],"predecessor-version":[{"id":104308,"href":"https:\/\/www.actualidadadiario.com\/index.php\/wp-json\/wp\/v2\/posts\/104306\/revisions\/104308"}],"wp:featuredmedia":[{"embeddable":true,"href":"https:\/\/www.actualidadadiario.com\/index.php\/wp-json\/wp\/v2\/media\/104307"}],"wp:attachment":[{"href":"https:\/\/www.actualidadadiario.com\/index.php\/wp-json\/wp\/v2\/media?parent=104306"}],"wp:term":[{"taxonomy":"category","embeddable":true,"href":"https:\/\/www.actualidadadiario.com\/index.php\/wp-json\/wp\/v2\/categories?post=104306"},{"taxonomy":"post_tag","embeddable":true,"href":"https:\/\/www.actualidadadiario.com\/index.php\/wp-json\/wp\/v2\/tags?post=104306"}],"curies":[{"name":"wp","href":"https:\/\/api.w.org\/{rel}","templated":true}]}}