{"id":104298,"date":"2023-07-05T12:56:11","date_gmt":"2023-07-05T15:56:11","guid":{"rendered":"https:\/\/www.actualidadadiario.com\/?p=104298"},"modified":"2023-07-05T14:19:08","modified_gmt":"2023-07-05T17:19:08","slug":"bullrich-corre-a-larreta-por-derecha-y-exige-la-represion-de-la-protesta-social","status":"publish","type":"post","link":"https:\/\/www.actualidadadiario.com\/index.php\/2023\/07\/05\/bullrich-corre-a-larreta-por-derecha-y-exige-la-represion-de-la-protesta-social\/","title":{"rendered":"Bullrich corre a Larreta por derecha y exige la represi\u00f3n de la protesta social"},"content":{"rendered":"<p style=\"text-align: center;\"><em><strong>A ra\u00edz de los acampes de movimientos sociales en la 9 de Julio, la precandidata a presidenta chicane\u00f3 a su rival acusando que &#8220;la Ciudad es tierra de nadie&#8221;. El ataque del sector &#8220;halc\u00f3n&#8221; fue reforzado por referentes libertarios. El combate por mostrar qui\u00e9n est\u00e1 m\u00e1s a la derecha de la derecha<\/strong><\/em><\/p>\n<p>&nbsp;<\/p>\n<p>&nbsp;<\/p>\n<p>En otro cap\u00edtulo de la disputa por ver qui\u00e9n es m\u00e1s duro con las protestas sociales, el sector del PRO alineado a la precandidata presidencial Patricia Bullrich cuestion\u00f3 a su rival en la interna Horacio Rodr\u00edguez Larreta por no haber reprimido los piquetes y el acampe de ayer sobre la 9 de Julio.<\/p>\n<p>El combate por mostrar qui\u00e9n est\u00e1 m\u00e1s a la derecha de la derecha la comenz\u00f3 Patricia Bullrich con un tuit en el que acus\u00f3 que \u201cla Ciudad es tierra de nadie\u201d. La alusi\u00f3n apunt\u00f3 contra la no intervenci\u00f3n de la Polic\u00eda, que depende de la administraci\u00f3n de Larreta, en esas protestas.<\/p>\n<p>A ese tuit le siguieron otros en los que ensalz\u00f3 su promesa de campa\u00f1a de que con ella \u201cesto (la protesta social) se acaba\u201d. \u201cNosotros vamos a terminar con la era de los piquetes\u201d, dijo en otro y luego retuite\u00f3 uno de su compa\u00f1ero de f\u00f3rmula, Luis Petri: \u201cCon nosotros se termina la tolerancia a los piquetes y las extorsiones\u201d.<\/p>\n<p>Pero el mensaje m\u00e1s \u00e1spero que la ex ministra de Seguridad le dedic\u00f3 a su rival interno no fue escrito por ella, sino por Diana Mondino, la candidata a diputada por el partido de Javier Milei. \u201cLa lluvia tiene m\u00e1s piqueteros desalojados que Larreta\u201d, public\u00f3 la economista.<\/p>\n<p>Esta chicana fue retuiteada por Bullrich, es decir que se hizo eco y redobl\u00f3 la cr\u00edtica al jefe de Gobierno porte\u00f1o que, hasta el momento, permaneci\u00f3 inmutable frente a la dureza de las cr\u00edticas de sus adversarios.<\/p>\n<p>Ante la impasividad de Larreta, quien sali\u00f3 a atizar el contrapunto fue el presidente del PRO a nivel nacional y candidato a vicegobernador de Santa Fe, Federico Angelini.<\/p>\n<p>Tambi\u00e9n le cuestion\u00f3 al porte\u00f1o no haber hecho nada con los piquetes. Es decir, no haber desalojado con la fuerza, con la represi\u00f3n o con cualquier m\u00e9todo coercitivo el acampe sobre la 9 de Julio (que, dicho sea de paso, fue levantado pac\u00edficamente y por decisi\u00f3n propia cuando obtuvieron una respuesta del gobierno nacional).<\/p>\n<p>\u201cSorprende cuando escucho a Felipe Miguel y a Waldo Wolff decir que \u2018cuando Horacio Rodr\u00edguez Larreta sea presidente, no van a haber m\u00e1s piquetes. \u00bfPor qu\u00e9 no lo hace ahora?&#8221;, cuestion\u00f3 en di\u00e1logo con Futurock.<\/p>\n<p>\u201c\u00bfPor qu\u00e9 no empez\u00e1s ahora\u201d, desafi\u00f3 Angelini, cuya l\u00f3gica es que si Larreta no pudo desalojar ahora que es jefe de Gobierno de la Ciudad, menos podr\u00e1 hacerlo en un eventual gobierno nacional a su cargo.<\/p>\n","protected":false},"excerpt":{"rendered":"<p>A ra\u00edz de los acampes de movimientos sociales en la 9 de Julio, la precandidata a presidenta chicane\u00f3 a su rival acusando que &#8220;la Ciudad es tierra de nadie&#8221;. El ataque del sector &#8220;halc\u00f3n&#8221; fue reforzado por referentes libertarios. El combate por mostrar qui\u00e9n est\u00e1 m\u00e1s a la derecha de la derecha &nbsp; &nbsp; En otro cap\u00edtulo de la disputa por ver qui\u00e9n es m\u00e1s duro con las protestas sociales, el sector del PRO alineado a la precandidata presidencial Patricia Bullrich cuestion\u00f3 a su rival en la interna Horacio Rodr\u00edguez&#8230;<\/p>\n","protected":false},"author":3,"featured_media":104299,"comment_status":"closed","ping_status":"closed","sticky":false,"template":"","format":"standard","meta":[],"categories":[18],"tags":[],"_links":{"self":[{"href":"https:\/\/www.actualidadadiario.com\/index.php\/wp-json\/wp\/v2\/posts\/104298"}],"collection":[{"href":"https:\/\/www.actualidadadiario.com\/index.php\/wp-json\/wp\/v2\/posts"}],"about":[{"href":"https:\/\/www.actualidadadiario.com\/index.php\/wp-json\/wp\/v2\/types\/post"}],"author":[{"embeddable":true,"href":"https:\/\/www.actualidadadiario.com\/index.php\/wp-json\/wp\/v2\/users\/3"}],"replies":[{"embeddable":true,"href":"https:\/\/www.actualidadadiario.com\/index.php\/wp-json\/wp\/v2\/comments?post=104298"}],"version-history":[{"count":1,"href":"https:\/\/www.actualidadadiario.com\/index.php\/wp-json\/wp\/v2\/posts\/104298\/revisions"}],"predecessor-version":[{"id":104300,"href":"https:\/\/www.actualidadadiario.com\/index.php\/wp-json\/wp\/v2\/posts\/104298\/revisions\/104300"}],"wp:featuredmedia":[{"embeddable":true,"href":"https:\/\/www.actualidadadiario.com\/index.php\/wp-json\/wp\/v2\/media\/104299"}],"wp:attachment":[{"href":"https:\/\/www.actualidadadiario.com\/index.php\/wp-json\/wp\/v2\/media?parent=104298"}],"wp:term":[{"taxonomy":"category","embeddable":true,"href":"https:\/\/www.actualidadadiario.com\/index.php\/wp-json\/wp\/v2\/categories?post=104298"},{"taxonomy":"post_tag","embeddable":true,"href":"https:\/\/www.actualidadadiario.com\/index.php\/wp-json\/wp\/v2\/tags?post=104298"}],"curies":[{"name":"wp","href":"https:\/\/api.w.org\/{rel}","templated":true}]}}