{"id":104295,"date":"2023-07-05T14:11:05","date_gmt":"2023-07-05T17:11:05","guid":{"rendered":"https:\/\/www.actualidadadiario.com\/?p=104295"},"modified":"2023-07-05T14:11:05","modified_gmt":"2023-07-05T17:11:05","slug":"desde-tigre-massa-afirmo-que-en-las-elecciones-se-debatira-el-pais-del-ajuste-contra-el-de-la-inclusion","status":"publish","type":"post","link":"https:\/\/www.actualidadadiario.com\/index.php\/2023\/07\/05\/desde-tigre-massa-afirmo-que-en-las-elecciones-se-debatira-el-pais-del-ajuste-contra-el-de-la-inclusion\/","title":{"rendered":"Desde Tigre, Massa afirm\u00f3 que en las elecciones se debatir\u00e1 &#8220;el pa\u00eds del ajuste contra el de la inclusi\u00f3n&#8221;"},"content":{"rendered":"<p style=\"text-align: center;\"><em><strong>El precandidato presidencial de Uni\u00f3n por la Patria anunci\u00f3 medidas para ampliar la cantidad de personas que utilizan la tarjeta SUBE en el transporte fluvial<\/strong><\/em><\/p>\n<p>&nbsp;<\/p>\n<p>&nbsp;<\/p>\n<p>El precandidato presidencial de Uni\u00f3n por la Patria Sergio Massa destac\u00f3 que en las elecciones se debatir\u00e1 &#8220;el pa\u00eds del ajuste contra el de la inclusi\u00f3n&#8221;.<\/p>\n<p>Al encabezar un acto en el partido bonaerense de Tigre, en medio de la interna oficialista local entre el intendente, Julio Zamora, y su esposa y titular de AySA, Malena Galmarini, el ministro de Econom\u00eda subray\u00f3 que &#8220;algunos piensan en recortar servicios porque s\u00f3lo miran la tablita de Excel&#8221;.<\/p>\n<p>En ese sentido, remarc\u00f3 las iniciativas p\u00fablicas destinadas a los habitantes del Delta y afirm\u00f3 que &#8220;tiene que ver con pensar en un pa\u00eds que incluye&#8221;.<\/p>\n<p>&#8220;En este momento, en que muchos promueven odio y pelea, abracemos a los que nos necesitan, sue\u00f1an con un pa\u00eds que incluya y piense en el trabajo y el desarrollo&#8221;, a\u00f1adi\u00f3.<\/p>\n<p>Al anunciar que los isle\u00f1os del Delta podr\u00e1n usar la tarjeta SUBE en las lanchas colectivas, el l\u00edder del Frente Renovador destac\u00f3 que la iniciativa apunta a &#8220;reconocer al que vive en la isla&#8221;.<\/p>\n<p>&#8220;Los isle\u00f1os, en t\u00e9rminos de transporte, tambi\u00e9n son ciudadanos de primera, con su SUBE&#8221;, se\u00f1al\u00f3.<\/p>\n<p>En tanto, la presidenta de AySA y precandidata a intendenta de Tigre, Malena Galmarini, manifest\u00f3 que &#8220;el Delta bonaerense es \u00fanico en el mundo y hay que cuidarlo: tiene un valor que va mucho m\u00e1s all\u00e1 de las palabras, de los conceptos, de la teor\u00eda, sino que tiene un valor en el coraz\u00f3n de todos&#8221;.<\/p>\n<p>Tras hacer hincapi\u00e9 en las pol\u00edticas p\u00fablicas impulsadas en la regi\u00f3n, la funcionaria nacional asegur\u00f3: &#8220;No nos quedamos solamente en c\u00f3mo ordenar el tema tarifario, la SUBE, sino que avanzamos en el destronque, vamos a empezar a dragar. Estamos trabajando en un nuevo enfoque del transporte p\u00fablico&#8221; fluvial.<\/p>\n<p>Como cierre, Galmarini agradeci\u00f3 a los vecinos &#8220;que confiaron, se sentaron a trabajar, a empujar el l\u00e1piz, a contar cu\u00e1les eran los principales problemas y a priorizarlos&#8221;.<\/p>\n<p>Finalmente, el intendente de Escobar, Ariel Sujarchuk, defini\u00f3 a Massa como &#8220;un dirigente argentino, que trabaja por los argentinos, que se ocupa de los detalles argentinos, que ning\u00fan tema es peque\u00f1o, porque se necesita incluir a todos&#8221;.<\/p>\n","protected":false},"excerpt":{"rendered":"<p>El precandidato presidencial de Uni\u00f3n por la Patria anunci\u00f3 medidas para ampliar la cantidad de personas que utilizan la tarjeta SUBE en el transporte fluvial &nbsp; &nbsp; El precandidato presidencial de Uni\u00f3n por la Patria Sergio Massa destac\u00f3 que en las elecciones se debatir\u00e1 &#8220;el pa\u00eds del ajuste contra el de la inclusi\u00f3n&#8221;. Al encabezar un acto en el partido bonaerense de Tigre, en medio de la interna oficialista local entre el intendente, Julio Zamora, y su esposa y titular de AySA, Malena Galmarini, el ministro de Econom\u00eda subray\u00f3 que&#8230;<\/p>\n","protected":false},"author":3,"featured_media":102286,"comment_status":"closed","ping_status":"closed","sticky":false,"template":"","format":"standard","meta":[],"categories":[18],"tags":[],"_links":{"self":[{"href":"https:\/\/www.actualidadadiario.com\/index.php\/wp-json\/wp\/v2\/posts\/104295"}],"collection":[{"href":"https:\/\/www.actualidadadiario.com\/index.php\/wp-json\/wp\/v2\/posts"}],"about":[{"href":"https:\/\/www.actualidadadiario.com\/index.php\/wp-json\/wp\/v2\/types\/post"}],"author":[{"embeddable":true,"href":"https:\/\/www.actualidadadiario.com\/index.php\/wp-json\/wp\/v2\/users\/3"}],"replies":[{"embeddable":true,"href":"https:\/\/www.actualidadadiario.com\/index.php\/wp-json\/wp\/v2\/comments?post=104295"}],"version-history":[{"count":1,"href":"https:\/\/www.actualidadadiario.com\/index.php\/wp-json\/wp\/v2\/posts\/104295\/revisions"}],"predecessor-version":[{"id":104296,"href":"https:\/\/www.actualidadadiario.com\/index.php\/wp-json\/wp\/v2\/posts\/104295\/revisions\/104296"}],"wp:featuredmedia":[{"embeddable":true,"href":"https:\/\/www.actualidadadiario.com\/index.php\/wp-json\/wp\/v2\/media\/102286"}],"wp:attachment":[{"href":"https:\/\/www.actualidadadiario.com\/index.php\/wp-json\/wp\/v2\/media?parent=104295"}],"wp:term":[{"taxonomy":"category","embeddable":true,"href":"https:\/\/www.actualidadadiario.com\/index.php\/wp-json\/wp\/v2\/categories?post=104295"},{"taxonomy":"post_tag","embeddable":true,"href":"https:\/\/www.actualidadadiario.com\/index.php\/wp-json\/wp\/v2\/tags?post=104295"}],"curies":[{"name":"wp","href":"https:\/\/api.w.org\/{rel}","templated":true}]}}