{"id":104288,"date":"2023-07-05T12:55:20","date_gmt":"2023-07-05T15:55:20","guid":{"rendered":"https:\/\/www.actualidadadiario.com\/?p=104288"},"modified":"2023-07-05T13:20:14","modified_gmt":"2023-07-05T16:20:14","slug":"gasoducto-nestor-kirchner-comenzo-la-quinta-etapa-de-llenado-a-dias-de-la-inauguracion","status":"publish","type":"post","link":"https:\/\/www.actualidadadiario.com\/index.php\/2023\/07\/05\/gasoducto-nestor-kirchner-comenzo-la-quinta-etapa-de-llenado-a-dias-de-la-inauguracion\/","title":{"rendered":"Gasoducto N\u00e9stor Kirchner: comenz\u00f3 la quinta etapa de llenado, a d\u00edas de la inauguraci\u00f3n"},"content":{"rendered":"<p style=\"text-align: center;\"><em><strong>La obra realizada en tiempo r\u00e9cord entr\u00f3 en sus \u00faltimas etapas de cara a la habilitaci\u00f3n. La apertura de la quinta v\u00e1lvula fue realizada en el kil\u00f3metro 285 de la traza, a la altura de la provincia de La Pampa<\/strong><\/em><\/p>\n<p>&nbsp;<\/p>\n<p>&nbsp;<\/p>\n<p>El Ministro de Econom\u00eda, Sergio Massa, dio a conocer este martes el inicio de la apertura de la quinta v\u00e1lvula para la habilitaci\u00f3n y el llenado del kil\u00f3metro 145 al 285 del Gasoducto Presidente N\u00e9stor Kirchner (GPNK). La puesta en funcionamiento del mismo est\u00e1 prevista para el 9 de julio.<\/p>\n<p>&#8220;En menos de un a\u00f1o finalizamos una obra de 573 kil\u00f3metros en tiempo r\u00e9cord. Se soldaron 48.000 ca\u00f1os que atraviesan las provincias de Neuqu\u00e9n, R\u00edo Negro, La Pampa y Buenos Aires. Esta es la demostraci\u00f3n de todo lo que podemos lograr con gesti\u00f3n y compromiso&#8221; dijo Massa a trav\u00e9s de su cuenta en Twitter.<\/p>\n<p>En su publicaci\u00f3n, Massa dio cuenta de la apertura de la quinta v\u00e1lvula en el kil\u00f3metro 285 de la traza, a la altura de la provincia de La Pampa.<\/p>\n<p>Tambi\u00e9n desde el Ministerio de Econom\u00eda se destac\u00f3 que &#8220;ya se encuentra habilitada m\u00e1s de la mitad del trayecto del GPNK que, en su primer tramo y realizado en tiempo r\u00e9cord, cuenta con una extensi\u00f3n de 573 kil\u00f3metros y atraviesa cuatro provincias&#8221;.<\/p>\n<p>&nbsp;<\/p>\n<p><strong>Recta final del Gasoducto N\u00e9stor Kirchner<\/strong><\/p>\n<p>En tanto, la Secretar\u00eda de Energ\u00eda, tambi\u00e9n desde la misma red social, enfatiz\u00f3: &#8220;Con la habilitaci\u00f3n del kil\u00f3metro 145 al 285, entramos en la recta final hacia la puesta en funcionamiento del Gasoducto, el pr\u00f3ximo 9 de julio&#8221;.<\/p>\n<p>Econom\u00eda consider\u00f3 al GPNK como una &#8220;obra fundamental para el autoabastecimiento energ\u00e9tico de la Argentina&#8221;, y proyect\u00f3 que &#8220;solamente en lo que queda del a\u00f1o permitir\u00e1 ahorrar u$s2.100 millones, cubriendo as\u00ed casi la totalidad de la inversi\u00f3n realizada por el Estado para su ejecuci\u00f3n, y u$s4.200 millones anuales por sustituci\u00f3n de importaciones&#8221;.<\/p>\n<p>La cartera tambi\u00e9n detall\u00f3 que el gasoducto consta de 573 kil\u00f3metros de extensi\u00f3n entre Trayat\u00e9n, provincia de Neuqu\u00e9n, y Salliquel\u00f3, Buenos Aires, pasando tambi\u00e9n por R\u00edo Negro y La Pampa.<\/p>\n<p>&#8220;La obra fue realizada en apenas 10 meses y entre la primera y la \u00faltima soldadura en l\u00ednea regular pasaron s\u00f3lo 178 d\u00edas&#8221;, agreg\u00f3 Econom\u00eda, al tiempo que precis\u00f3 que gener\u00f3 48.800 empleos, entre directos e indirectos.<\/p>\n","protected":false},"excerpt":{"rendered":"<p>La obra realizada en tiempo r\u00e9cord entr\u00f3 en sus \u00faltimas etapas de cara a la habilitaci\u00f3n. La apertura de la quinta v\u00e1lvula fue realizada en el kil\u00f3metro 285 de la traza, a la altura de la provincia de La Pampa &nbsp; &nbsp; El Ministro de Econom\u00eda, Sergio Massa, dio a conocer este martes el inicio de la apertura de la quinta v\u00e1lvula para la habilitaci\u00f3n y el llenado del kil\u00f3metro 145 al 285 del Gasoducto Presidente N\u00e9stor Kirchner (GPNK). La puesta en funcionamiento del mismo est\u00e1 prevista para el 9&#8230;<\/p>\n","protected":false},"author":3,"featured_media":104289,"comment_status":"closed","ping_status":"closed","sticky":false,"template":"","format":"standard","meta":[],"categories":[18],"tags":[],"_links":{"self":[{"href":"https:\/\/www.actualidadadiario.com\/index.php\/wp-json\/wp\/v2\/posts\/104288"}],"collection":[{"href":"https:\/\/www.actualidadadiario.com\/index.php\/wp-json\/wp\/v2\/posts"}],"about":[{"href":"https:\/\/www.actualidadadiario.com\/index.php\/wp-json\/wp\/v2\/types\/post"}],"author":[{"embeddable":true,"href":"https:\/\/www.actualidadadiario.com\/index.php\/wp-json\/wp\/v2\/users\/3"}],"replies":[{"embeddable":true,"href":"https:\/\/www.actualidadadiario.com\/index.php\/wp-json\/wp\/v2\/comments?post=104288"}],"version-history":[{"count":1,"href":"https:\/\/www.actualidadadiario.com\/index.php\/wp-json\/wp\/v2\/posts\/104288\/revisions"}],"predecessor-version":[{"id":104290,"href":"https:\/\/www.actualidadadiario.com\/index.php\/wp-json\/wp\/v2\/posts\/104288\/revisions\/104290"}],"wp:featuredmedia":[{"embeddable":true,"href":"https:\/\/www.actualidadadiario.com\/index.php\/wp-json\/wp\/v2\/media\/104289"}],"wp:attachment":[{"href":"https:\/\/www.actualidadadiario.com\/index.php\/wp-json\/wp\/v2\/media?parent=104288"}],"wp:term":[{"taxonomy":"category","embeddable":true,"href":"https:\/\/www.actualidadadiario.com\/index.php\/wp-json\/wp\/v2\/categories?post=104288"},{"taxonomy":"post_tag","embeddable":true,"href":"https:\/\/www.actualidadadiario.com\/index.php\/wp-json\/wp\/v2\/tags?post=104288"}],"curies":[{"name":"wp","href":"https:\/\/api.w.org\/{rel}","templated":true}]}}