{"id":104280,"date":"2023-07-05T13:08:24","date_gmt":"2023-07-05T16:08:24","guid":{"rendered":"https:\/\/www.actualidadadiario.com\/?p=104280"},"modified":"2023-07-05T13:08:24","modified_gmt":"2023-07-05T16:08:24","slug":"investigan-la-muerte-de-un-soldado-en-el-mismo-cuartel-donde-mataron-a-omar-carrasco","status":"publish","type":"post","link":"https:\/\/www.actualidadadiario.com\/index.php\/2023\/07\/05\/investigan-la-muerte-de-un-soldado-en-el-mismo-cuartel-donde-mataron-a-omar-carrasco\/","title":{"rendered":"Investigan la muerte de un soldado en el mismo cuartel donde mataron a Omar Carrasco"},"content":{"rendered":"<p style=\"text-align: center;\"><em><strong>Pablo Jes\u00fas C\u00f3rdoba ten\u00eda 21 a\u00f1os. Estaba de guardia en la entrada del Grupo de Artiller\u00eda 16 de Zapala y fue encontrado con dos tiros en la cabeza. Un suboficial se comunic\u00f3 con su padre y le dijo: &#8220;Tu hijo se peg\u00f3 un tiro, pero tranquilo: est\u00e1 vivo&#8221;. Muri\u00f3 a las pocas horas. &#8220;Es imposible que se haya disparado con un FAL dos veces. No cierran las versiones que salieron desde el Regimiento&#8221;, dijo el padre, suboficial del Ej\u00e9rcito. La causa fue caratulada como muerte dudosa<\/strong><\/em><\/p>\n<p>&nbsp;<\/p>\n<p>&nbsp;<\/p>\n<p>&nbsp;<\/p>\n<p>Pablo Jes\u00fas C\u00f3rdoba ten\u00eda 21 a\u00f1os y so\u00f1aba con realizar la carrera militar para llegar al estatus m\u00e1s alto dentro de los oficiales, vocaci\u00f3n que le inculc\u00f3 su padre suboficial del Ej\u00e9rcito. Sin embargo, todo se vio truncado por su sorpresiva muerte, el pasado 1 de junio, mientras se encontraba de guardia en el Grupo de Artiller\u00eda 16, en el Regimiento de Zapala, Neuqu\u00e9n, el mismo donde en 1994 fue asesinado el soldado Omar Carrasco.<\/p>\n<p>Minutos despu\u00e9s de las 6 de la ma\u00f1ana de ese 1 de junio, el joven fue encontrado con dos impactos de bala en la cabeza, y fue llevado de urgencia al hospital de Zapala, donde horas despu\u00e9s morir\u00eda.<\/p>\n<p>Seg\u00fan el relato de la familia y lo que pudo reconstruirse hasta ahora, Pablo se encontraba de guardia, apostado en la barrera que da a la entrada del regimiento de Zapala. Hasta all\u00ed hab\u00eda llegado alrededor de las 4.30 de la madrugada y deb\u00eda permanecer hasta su horario de salida, cerca de las 6.30.<\/p>\n<p>&#8220;Son seis soldados para cubrir dos puestos, o sea que las guardias son rotativas, y a mi hijo le faltaba un ratito para descansar cuando pas\u00f3 lo que pas\u00f3&#8221;, cont\u00f3 Juan Jos\u00e9 C\u00f3rdoba, padre del joven.<\/p>\n<p>Entre las 6.05 y 6.10, C\u00f3rdoba recibi\u00f3 un llamado a su tel\u00e9fono celular que le comunicaba el fat\u00eddico hecho. &#8220;Yo estaba en un taxi, yendo al trabajo. Como tambi\u00e9n soy militar, tengo horarios parecidos a los de mi hijo. Cuando atend\u00ed, era un suboficial que conozco y me dijo: &#8216;Tu hijo se peg\u00f3 un tiro. Pero tranquilo, no te preocupes&#8230; Est\u00e1 vivo&#8217;. Yo cort\u00e9, llam\u00e9 a Natalia, la mam\u00e1, y le dije con desesperaci\u00f3n que fuera al Hospital de Zapala, adonde estaba yendo yo&#8221;.<\/p>\n<p>En el centro de salud fueron recibidos por el doctor D&#8217;Angelo, que atendi\u00f3 a Pablo cuando lleg\u00f3 herido desde el regimiento y quien le comunic\u00f3 a la familia que no hab\u00eda chances de que sobreviva. Y as\u00ed fue, horas despu\u00e9s, cerca de las 8.55, el joven fue desconectado y falleci\u00f3.<\/p>\n<p>&nbsp;<\/p>\n<p><strong>Muerte dudosa y pedido de Justicia<\/strong><\/p>\n<p>La familia no cree en la hip\u00f3tesis del suicidio y reclama que se esclarezca lo ocurrido. &#8220;Estamos convencidos de que Pablo no se quit\u00f3 la vida como dijeron, pero necesitamos saber la verdad. Pasan los d\u00edas, las semanas y no podemos seguir con esta duda que nos carcome el alma&#8221;, se\u00f1al\u00f3 C\u00f3rdoba.<\/p>\n<p>Y agreg\u00f3: &#8220;Nuestro hijo era un muchacho motivador, optimista, siempre pendiente del otro para levantarle el \u00e1nimo, colaborar, muy apegado a nosotros. No presentaba ning\u00fan signo de inestabilidad emocional o depresi\u00f3n&#8221;.<\/p>\n<p>Las dudas de la familia del joven soldado se sustentan en el informe m\u00e9dico y la autopsia, que revelaron que los dos disparos hab\u00edan sido debajo del ment\u00f3n y arriba de la oreja derecha.<\/p>\n<p>&#8220;Es imposible que se haya disparado Pablo con un FAL (N. de R. &#8220;Fusil Autom\u00e1tico Liviano&#8221;) dos veces. Estaban muy distantes los impactos. En un principio cre\u00edmos que los dos disparos podr\u00edan estar uno cerca del otro, pero cuando le\u00edmos en informe m\u00e9dico del Hospital de Zapala y dos semanas despu\u00e9s los detalles de la autopsia, nos pareci\u00f3 rar\u00edsimo esto&#8230; No nos cierra para nada las versiones que salieron desde el Regimiento&#8221;, remarc\u00f3 el padre, suboficial y conocedor del mundo de las armas.<\/p>\n<p>Asimismo, denuncian &#8220;cierta indiferencia y desinter\u00e9s&#8221;\u00a0 desde el Ej\u00e9rcito. &#8220;El jefe de la Unidad donde estaba Pablo, el teniente coronel Green dice que est\u00e1 dispuesto para cuando lo llame la Justicia pero hay poca voluntad&#8221;, sostuvo C\u00f3rdoba.<\/p>\n<p>La causa est\u00e1 siendo investigada por la Fiscal\u00eda de Zapala, a cargo de Karina Stagnaro y el juez Greca la caratul\u00f3 como &#8220;muerte dudosa&#8221;. As\u00ed como los padres est\u00e1n convencidos que su hijo no se quit\u00f3 la vida, tambi\u00e9n creen que &#8220;fue testigo de algo que no ten\u00eda que ver. Algo grave, muy grave. Y como saben que era hijo m\u00edo y que Pablo era alguien que no se iba a callar&#8230; lo pudieron haber matado&#8221;, afirm\u00f3 el padre.<\/p>\n<p>Sobre el hecho en s\u00ed, fuentes judiciales indicaron que no se descarta ninguna hip\u00f3tesis y que ser\u00e1n clave las pericias bal\u00edsticas complementarias que indicar\u00e1n la forma en la que se hicieron los disparos. Para eso, precisaron, se har\u00e1 la prueba en un pol\u00edgono de Zapala con el arma que caus\u00f3 la muerte de Pablo. Seg\u00fan la documentaci\u00f3n que obra en la causa, se encontr\u00f3 una sola vaina servida en inmediaciones del cuerpo.<\/p>\n<p>Respecto a este detalle, los investigadores explicaron que es posible que la escena se haya visto contaminada porque en un primer momento removieron el cuerpo para tratar de salvar al joven. Algunos elementos podr\u00edan haber sido manipulados sin intenci\u00f3n porque el objetivo primario era la sobrevida de Pablo.<\/p>\n","protected":false},"excerpt":{"rendered":"<p>Pablo Jes\u00fas C\u00f3rdoba ten\u00eda 21 a\u00f1os. Estaba de guardia en la entrada del Grupo de Artiller\u00eda 16 de Zapala y fue encontrado con dos tiros en la cabeza. Un suboficial se comunic\u00f3 con su padre y le dijo: &#8220;Tu hijo se peg\u00f3 un tiro, pero tranquilo: est\u00e1 vivo&#8221;. Muri\u00f3 a las pocas horas. &#8220;Es imposible que se haya disparado con un FAL dos veces. No cierran las versiones que salieron desde el Regimiento&#8221;, dijo el padre, suboficial del Ej\u00e9rcito. La causa fue caratulada como muerte dudosa &nbsp; &nbsp; &nbsp; Pablo&#8230;<\/p>\n","protected":false},"author":3,"featured_media":104281,"comment_status":"closed","ping_status":"closed","sticky":false,"template":"","format":"standard","meta":[],"categories":[4],"tags":[],"_links":{"self":[{"href":"https:\/\/www.actualidadadiario.com\/index.php\/wp-json\/wp\/v2\/posts\/104280"}],"collection":[{"href":"https:\/\/www.actualidadadiario.com\/index.php\/wp-json\/wp\/v2\/posts"}],"about":[{"href":"https:\/\/www.actualidadadiario.com\/index.php\/wp-json\/wp\/v2\/types\/post"}],"author":[{"embeddable":true,"href":"https:\/\/www.actualidadadiario.com\/index.php\/wp-json\/wp\/v2\/users\/3"}],"replies":[{"embeddable":true,"href":"https:\/\/www.actualidadadiario.com\/index.php\/wp-json\/wp\/v2\/comments?post=104280"}],"version-history":[{"count":1,"href":"https:\/\/www.actualidadadiario.com\/index.php\/wp-json\/wp\/v2\/posts\/104280\/revisions"}],"predecessor-version":[{"id":104282,"href":"https:\/\/www.actualidadadiario.com\/index.php\/wp-json\/wp\/v2\/posts\/104280\/revisions\/104282"}],"wp:featuredmedia":[{"embeddable":true,"href":"https:\/\/www.actualidadadiario.com\/index.php\/wp-json\/wp\/v2\/media\/104281"}],"wp:attachment":[{"href":"https:\/\/www.actualidadadiario.com\/index.php\/wp-json\/wp\/v2\/media?parent=104280"}],"wp:term":[{"taxonomy":"category","embeddable":true,"href":"https:\/\/www.actualidadadiario.com\/index.php\/wp-json\/wp\/v2\/categories?post=104280"},{"taxonomy":"post_tag","embeddable":true,"href":"https:\/\/www.actualidadadiario.com\/index.php\/wp-json\/wp\/v2\/tags?post=104280"}],"curies":[{"name":"wp","href":"https:\/\/api.w.org\/{rel}","templated":true}]}}