{"id":104277,"date":"2023-07-05T13:07:24","date_gmt":"2023-07-05T16:07:24","guid":{"rendered":"https:\/\/www.actualidadadiario.com\/?p=104277"},"modified":"2023-07-05T13:07:24","modified_gmt":"2023-07-05T16:07:24","slug":"brasil-confirmo-a-carlo-ancelotti-como-entrenador-a-partir-de-la-copa-america-2024","status":"publish","type":"post","link":"https:\/\/www.actualidadadiario.com\/index.php\/2023\/07\/05\/brasil-confirmo-a-carlo-ancelotti-como-entrenador-a-partir-de-la-copa-america-2024\/","title":{"rendered":"Brasil confirm\u00f3 a Carlo Ancelotti como entrenador a partir de la Copa Am\u00e9rica 2024"},"content":{"rendered":"<p style=\"text-align: center;\"><em><strong>El presidente de la CBF anunci\u00f3 el arribo del DT de Real Madrid para el pr\u00f3ximo a\u00f1o. Mientras tanto, asumir\u00e1 de manera interina Fernando Diniz, quien al mismo tiempo continuar\u00e1 al mando de Fluminense<\/strong><\/em><\/p>\n<p>&nbsp;<\/p>\n<p>&nbsp;<\/p>\n<p>El presidente de la Confederaci\u00f3n Brasile\u00f1a de F\u00fatbol (CBF), Ednaldo Rodrigues, confirm\u00f3 que el italiano Carlo Ancelotti ser\u00e1 el entrenador de la selecci\u00f3n de Brasil a partir de la Copa Am\u00e9rica 2024.<\/p>\n<p>A su vez, anunci\u00f3 que mientras tanto asumir\u00e1 de manera interina Fernando Diniz, quien permanecer\u00e1 en el cargo hasta el arribo del DT del Real Madrid.<\/p>\n<p>\u201cHay muchos entrenadores buenos en Brasil, y Diniz es uno de ellos. Me di cuenta de su enfoque innovador cuando trabaj\u00f3 en Audax. Luego, pas\u00f3 por otros clubes manteniendo la misma filosof\u00eda de juego, sin cambiarla constantemente. Siempre ha seguido el mismo m\u00e9todo y me gust\u00f3 mucho su renovaci\u00f3n y sus aplicaciones t\u00e1cticas\u201d, comenz\u00f3 Rodrigues.<\/p>\n<p>Y sigui\u00f3: &#8220;Entonces, es un entrenador cuya propuesta de juego es bastante similar a la del entrenador que asumir\u00e1 a partir de la Copa Am\u00e9rica, Ancelotti. Tienen casi el mismo tipo de enfoque de juego\u201d.<\/p>\n<p>Lo curioso de este anuncio es que Diniz continuar\u00e1 en su cargo como entrenador de Fluminense, mientras est\u00e9 al mando de la selecci\u00f3n brasile\u00f1a.<\/p>\n<p>No solo que dirigir\u00e1 a uno de los equipos m\u00e1s importantes del pa\u00eds, sino que se tendr\u00e1 que hacer cargo de Brasil, que iniciar\u00e1 en septiembre su camino en las Eliminatorias rumbo al Mundial de 2026.<\/p>\n<p>\u201cUn sue\u00f1o para cualquiera, un honor y un orgullo enorme poder servir a la Selecci\u00f3n. Es una convocatoria, y m\u00e1s a\u00fan de la forma en que ocurri\u00f3. Es un trabajo conjunto entre la CBF y el Fluminense, y estoy convencido de que tenemos todo para llevar esto adelante y hacer que funcione\u201d, expres\u00f3 Diniz sobre su llegada a la selecci\u00f3n brasile\u00f1a.<\/p>\n<p>Si bien las declaraciones de Rodrigues fueron sin titubeos, por el momento ni Ancelotti ni Real Madrid confirmaron o desmintieron sus dichos.<\/p>\n","protected":false},"excerpt":{"rendered":"<p>El presidente de la CBF anunci\u00f3 el arribo del DT de Real Madrid para el pr\u00f3ximo a\u00f1o. Mientras tanto, asumir\u00e1 de manera interina Fernando Diniz, quien al mismo tiempo continuar\u00e1 al mando de Fluminense &nbsp; &nbsp; El presidente de la Confederaci\u00f3n Brasile\u00f1a de F\u00fatbol (CBF), Ednaldo Rodrigues, confirm\u00f3 que el italiano Carlo Ancelotti ser\u00e1 el entrenador de la selecci\u00f3n de Brasil a partir de la Copa Am\u00e9rica 2024. A su vez, anunci\u00f3 que mientras tanto asumir\u00e1 de manera interina Fernando Diniz, quien permanecer\u00e1 en el cargo hasta el arribo del&#8230;<\/p>\n","protected":false},"author":3,"featured_media":104278,"comment_status":"closed","ping_status":"closed","sticky":false,"template":"","format":"standard","meta":[],"categories":[4],"tags":[],"_links":{"self":[{"href":"https:\/\/www.actualidadadiario.com\/index.php\/wp-json\/wp\/v2\/posts\/104277"}],"collection":[{"href":"https:\/\/www.actualidadadiario.com\/index.php\/wp-json\/wp\/v2\/posts"}],"about":[{"href":"https:\/\/www.actualidadadiario.com\/index.php\/wp-json\/wp\/v2\/types\/post"}],"author":[{"embeddable":true,"href":"https:\/\/www.actualidadadiario.com\/index.php\/wp-json\/wp\/v2\/users\/3"}],"replies":[{"embeddable":true,"href":"https:\/\/www.actualidadadiario.com\/index.php\/wp-json\/wp\/v2\/comments?post=104277"}],"version-history":[{"count":1,"href":"https:\/\/www.actualidadadiario.com\/index.php\/wp-json\/wp\/v2\/posts\/104277\/revisions"}],"predecessor-version":[{"id":104279,"href":"https:\/\/www.actualidadadiario.com\/index.php\/wp-json\/wp\/v2\/posts\/104277\/revisions\/104279"}],"wp:featuredmedia":[{"embeddable":true,"href":"https:\/\/www.actualidadadiario.com\/index.php\/wp-json\/wp\/v2\/media\/104278"}],"wp:attachment":[{"href":"https:\/\/www.actualidadadiario.com\/index.php\/wp-json\/wp\/v2\/media?parent=104277"}],"wp:term":[{"taxonomy":"category","embeddable":true,"href":"https:\/\/www.actualidadadiario.com\/index.php\/wp-json\/wp\/v2\/categories?post=104277"},{"taxonomy":"post_tag","embeddable":true,"href":"https:\/\/www.actualidadadiario.com\/index.php\/wp-json\/wp\/v2\/tags?post=104277"}],"curies":[{"name":"wp","href":"https:\/\/api.w.org\/{rel}","templated":true}]}}