{"id":104274,"date":"2023-07-05T13:06:29","date_gmt":"2023-07-05T16:06:29","guid":{"rendered":"https:\/\/www.actualidadadiario.com\/?p=104274"},"modified":"2023-07-05T13:06:29","modified_gmt":"2023-07-05T16:06:29","slug":"al-menos-16-detenidos-en-la-septima-noche-de-protestas-callejeras-en-francia","status":"publish","type":"post","link":"https:\/\/www.actualidadadiario.com\/index.php\/2023\/07\/05\/al-menos-16-detenidos-en-la-septima-noche-de-protestas-callejeras-en-francia\/","title":{"rendered":"Al menos 16 detenidos en la s\u00e9ptima noche de protestas callejeras en Francia"},"content":{"rendered":"<p style=\"text-align: center;\"><em><strong>Los disturbios estallaron en la noche del martes pasado tras la muerte de Nahel, un joven franc\u00e9s de 17 a\u00f1os de ascendencia argelina y marroqu\u00ed a quien un polic\u00eda dispar\u00f3 a quemarropa durante un control de tr\u00e1nsito en Nanterre, cerca de Par\u00eds. Un video capt\u00f3 el momento del homicidio<\/strong><\/em><\/p>\n<p>&nbsp;<\/p>\n<p>&nbsp;<\/p>\n<p>Las autoridades francesas informaron que 16 personas fueron detenidas en las \u00faltimas horas durante las protestas que estallaron la semana pasada por el asesinato de un joven repartidor baleado por la polic\u00eda al escapar de un control policial, cifra que confirma que disminuye la intensidad y cantidad de disturbios en las \u00faltimas tres jornadas.<\/p>\n<p>El Ministerio del Interior precis\u00f3 hoy que 16 personas fueron detenidas, siete de ellas en Par\u00eds y sus suburbios, se incendiaron ocho edificios y 159 veh\u00edculos, y se provocaron 202 fuegos en las calles.<\/p>\n<p>Las autoridades desplegaron unos 45.000 polic\u00edas para evitar nuevos enfrentamientos, mientras que ning\u00fan agente result\u00f3 herido y se registraron cuatro ataques a locales de la polic\u00eda y de la gendarmer\u00eda, precis\u00f3 el Ministerio, citado por la agencia de noticias AFP.<\/p>\n<p>El \u00faltimo balance de 16 detenidos confirma la desescalada en la crisis, que relanz\u00f3 el debate sobre la violencia policial y puso de relieve, con el ataque a la casa de un alcalde, la creciente violencia contra funcionarios p\u00fablicos.<\/p>\n<p>La justicia anunci\u00f3 ayer que investiga la muerte en Marsella de un hombre de 27 a\u00f1os, al sospechar que pudo ser v\u00edctima de un paro card\u00edaco tras ser alcanzado en el pecho por un tipo de proyectil de goma que suele utilizar la polic\u00eda.<\/p>\n<p>La Fiscal\u00eda considera como \u00abprobable\u00bb causa de la muerte el \u00abimpacto violento\u00bb en el t\u00f3rax de \u00abun proyectil de tipo flash-ball\u00bb, un modelo de balas de defensa cuyo uso ya ha sido criticado en el pasado.<\/p>\n<p>No est\u00e1 claro si el fallecido participaba en las protestas o si \u00fanicamente pasaba por all\u00ed.<\/p>\n<p>El presidente Emmanuel Macron anunci\u00f3 ayer una ley urgente para acelerar las reparaciones de miles de comercios y edificios da\u00f1ados, durante una reuni\u00f3n con alcaldes para estudiar soluciones a la crisis.<\/p>\n<p>La derecha y la ultraderecha piden mano dura contra los autores de los disturbios, pero la izquierda apunta al pol\u00e9mico papel de la polic\u00eda en los suburbios y la situaci\u00f3n en estos barrios, entre los m\u00e1s pobres de Francia.<\/p>\n","protected":false},"excerpt":{"rendered":"<p>Los disturbios estallaron en la noche del martes pasado tras la muerte de Nahel, un joven franc\u00e9s de 17 a\u00f1os de ascendencia argelina y marroqu\u00ed a quien un polic\u00eda dispar\u00f3 a quemarropa durante un control de tr\u00e1nsito en Nanterre, cerca de Par\u00eds. Un video capt\u00f3 el momento del homicidio &nbsp; &nbsp; Las autoridades francesas informaron que 16 personas fueron detenidas en las \u00faltimas horas durante las protestas que estallaron la semana pasada por el asesinato de un joven repartidor baleado por la polic\u00eda al escapar de un control policial, cifra&#8230;<\/p>\n","protected":false},"author":3,"featured_media":104275,"comment_status":"closed","ping_status":"closed","sticky":false,"template":"","format":"standard","meta":[],"categories":[4],"tags":[],"_links":{"self":[{"href":"https:\/\/www.actualidadadiario.com\/index.php\/wp-json\/wp\/v2\/posts\/104274"}],"collection":[{"href":"https:\/\/www.actualidadadiario.com\/index.php\/wp-json\/wp\/v2\/posts"}],"about":[{"href":"https:\/\/www.actualidadadiario.com\/index.php\/wp-json\/wp\/v2\/types\/post"}],"author":[{"embeddable":true,"href":"https:\/\/www.actualidadadiario.com\/index.php\/wp-json\/wp\/v2\/users\/3"}],"replies":[{"embeddable":true,"href":"https:\/\/www.actualidadadiario.com\/index.php\/wp-json\/wp\/v2\/comments?post=104274"}],"version-history":[{"count":1,"href":"https:\/\/www.actualidadadiario.com\/index.php\/wp-json\/wp\/v2\/posts\/104274\/revisions"}],"predecessor-version":[{"id":104276,"href":"https:\/\/www.actualidadadiario.com\/index.php\/wp-json\/wp\/v2\/posts\/104274\/revisions\/104276"}],"wp:featuredmedia":[{"embeddable":true,"href":"https:\/\/www.actualidadadiario.com\/index.php\/wp-json\/wp\/v2\/media\/104275"}],"wp:attachment":[{"href":"https:\/\/www.actualidadadiario.com\/index.php\/wp-json\/wp\/v2\/media?parent=104274"}],"wp:term":[{"taxonomy":"category","embeddable":true,"href":"https:\/\/www.actualidadadiario.com\/index.php\/wp-json\/wp\/v2\/categories?post=104274"},{"taxonomy":"post_tag","embeddable":true,"href":"https:\/\/www.actualidadadiario.com\/index.php\/wp-json\/wp\/v2\/tags?post=104274"}],"curies":[{"name":"wp","href":"https:\/\/api.w.org\/{rel}","templated":true}]}}