{"id":104272,"date":"2023-07-05T13:05:33","date_gmt":"2023-07-05T16:05:33","guid":{"rendered":"https:\/\/www.actualidadadiario.com\/?p=104272"},"modified":"2023-07-05T14:27:56","modified_gmt":"2023-07-05T17:27:56","slug":"el-lunes-el-mundo-vivio-el-dia-mas-caluroso-de-la-historia-desde-que-se-tienen-registros","status":"publish","type":"post","link":"https:\/\/www.actualidadadiario.com\/index.php\/2023\/07\/05\/el-lunes-el-mundo-vivio-el-dia-mas-caluroso-de-la-historia-desde-que-se-tienen-registros\/","title":{"rendered":"La temperatura global rompe su r\u00e9cord hist\u00f3rico por segundo d\u00eda consecutivo, seg\u00fan datos preliminares"},"content":{"rendered":"<p style=\"text-align: center;\"><em><strong>La Agencia Nacional Oce\u00e1nica y Atmosf\u00e9rica de Estados Unidos dijo que la temperatura media del aire de la superficie de la Tierra fue de 17,18\u00b0C el 4 de julio<\/strong><\/em><\/p>\n<p>&nbsp;<\/p>\n<p>&nbsp;<\/p>\n<p>El martes fue el d\u00eda m\u00e1s c\u00e1lido jam\u00e1s registrado y esta semana la media global de las temperaturas rompi\u00f3 un r\u00e9cord por segundo d\u00eda consecutivo, seg\u00fan datos preliminares publicados este mi\u00e9rcoles por el observatorio de meteorolog\u00eda estadounidense.<\/p>\n<p>La temperatura media del aire de la superficie de la Tierra fue de 17,18\u00b0C el 4 de julio, indic\u00f3 la Agencia Nacional Oce\u00e1nica y Atmosf\u00e9rica de Estados Unidos (NOAA). El lunes la temperatura media global del d\u00eda super\u00f3 por primera vez los 17\u00b0C y fue de 17,01\u00b0C, un nuevo indicador del impacto en el clima de la quema de combustibles f\u00f3siles.<\/p>\n<p>Como resultado, algunos cient\u00edficos creen que el 4 de julio pudo haber sido uno de los d\u00edas m\u00e1s calurosos en la Tierra en alrededor de 125.000 a\u00f1os, debido a una combinaci\u00f3n peligrosa del cambio clim\u00e1tico que provoc\u00f3 que las temperaturas globales se dispararan, el regreso del fen\u00f3meno de El Ni\u00f1o y el comienzo del verano en el hemisferio norte.<\/p>\n<p>Estos registros rompen el r\u00e9cord anterior de 16,92\u00b0C marcado el 24 de julio de 2022, seg\u00fan las recopilaciones de NOAA que comenzaron en 1979.<\/p>\n<p>La temperatura media del aire de la Tierra, que fluct\u00faa habitualmente entre 12\u00b0C y 17\u00b0C, fue en promedio de 16,2\u00b0C a principios de junio, entre 1979 hasta 2000.<\/p>\n<p>La temperatura promedio global del martes fue calculada por un modelo que utiliza datos de estaciones meteorol\u00f3gicas, barcos, boyas oce\u00e1nicas y sat\u00e9lites, explic\u00f3 Paulo Ceppi, cient\u00edfico clim\u00e1tico del Instituto Grantham de Londres. Este sistema de modelado se ha utilizado para estimar las temperaturas medias diarias a partir de 1979.<\/p>\n<p>\u201cEsta es nuestra mejor suposici\u00f3n de cu\u00e1l fue la temperatura de la superficie ayer en cada punto de la Tierra\u201d, dijo.<\/p>\n<p>Los registros de temperatura global basados en instrumentos se remontan a mediados del siglo XIX, pero para las temperaturas anteriores, los cient\u00edficos dependen de los datos indirectos capturados a trav\u00e9s de la evidencia que queda en los anillos de los \u00e1rboles y los n\u00facleos de hielo. \u201cEstos datos nos dicen que no ha habido un d\u00eda tan c\u00e1lido desde hace al menos 125.000 a\u00f1os, durante el interglacial anterior\u201d, dijo Ceppi, refiri\u00e9ndose a un per\u00edodo de calor inusual entre dos edades de hielo.<\/p>\n<p>El observatorio meteorol\u00f3gico de la Uni\u00f3n Europea, Copernicus, confirm\u00f3 en un comunicado enviado a AFP que el lunes fue el d\u00eda m\u00e1s c\u00e1lido en sus registros que comenzaron en 1940. Todav\u00eda no est\u00e1n disponibles los datos del martes.<\/p>\n<p>La temperatura media global habitualmente sigue subiendo hasta finales de julio e inicios de agosto debido al verano boreal. El mes pasado, las temperaturas medias globales fueron las m\u00e1s altas registradas por Copernicus para comienzos de junio.<\/p>\n<p>\u201c\u00bfCu\u00e1ndo es probable que sea el d\u00eda m\u00e1s caluroso? Ser\u00e1 cuando el calentamiento global, El Ni\u00f1o y el ciclo anual se alineen. Que son los pr\u00f3ximos dos meses\u201d, dijo Myles Allen, profesor de ciencias de geosistemas en la Universidad de Oxford, en una entrevista telef\u00f3nica. \u201cEs un triple golpe\u201d.<\/p>\n<p>La temperatura r\u00e9cord del martes se explica en parte por el cambio clim\u00e1tico que hace que el mundo se caliente, dijo Allen, y agreg\u00f3 que las temperaturas globales ya est\u00e1n 1,25\u00b0C Celsius por encima de su promedio preindustrial. \u201cSe est\u00e1 calentando 0,25\u00b0C por d\u00e9cada\u201d, dijo. \u201cEs por eso que vemos r\u00e9cords batidos continuamente\u201d.<\/p>\n<p>&nbsp;<\/p>\n<p><strong>El fen\u00f3meno de El Ni\u00f1o<\/strong><\/p>\n<p>Las temperaturas podr\u00edan subir a\u00fan m\u00e1s y marcar nuevos m\u00e1ximos debido al fen\u00f3meno de El Ni\u00f1o en el Oc\u00e9ano Pac\u00edfico, que seg\u00fan dijo el martes la Organizaci\u00f3n Meteorol\u00f3gica Mundial (OMM) de la ONU acaba de empezar.<\/p>\n<p>La ONU pidi\u00f3 a los gobiernos que anticipen las consecuencias del fen\u00f3meno meteorol\u00f3gico de El Ni\u00f1o \u201cpara salvar vidas y medios de subsistencia\u201d.<\/p>\n<p>El Ni\u00f1o acaba de empezar y normalmente se asocia a un aumento de temperaturas mundiales. Este fen\u00f3meno continuar\u00e1 todo el a\u00f1o con una intensidad que deber\u00eda ser \u201cpor lo menos moderada\u201d, se\u00f1al\u00f3 la ONU al anunciar el inicio del episodio.<\/p>\n<p>La NOAA ya anunci\u00f3 el 8 de junio el inicio oficial de El Ni\u00f1o, advirtiendo que \u201cpodr\u00eda generar nuevos r\u00e9cords de temperaturas\u201d en ciertas regiones.<\/p>\n<p>En algunas zonas del sur de Am\u00e9rica Latina, del sur de Estados Unidos, en el Cuerno de \u00c1frica y en Asia central, El Ni\u00f1o est\u00e1 relacionado con un aumento de precipitaciones. Y puede provocar sequ\u00edas en Australia, Indonesia y en sectores del Sudeste Asi\u00e1tico y en Centroam\u00e9rica.<\/p>\n<p>En cambio, sus aguas calientes pueden alimentar huracanes en el centro y este del oc\u00e9ano Pac\u00edfico, y pueden frenar las formaciones de estos ciclones en el Atl\u00e1ntico.<\/p>\n<p>Los efectos en las temperaturas mundiales suelen notarse al a\u00f1o siguiente del desarrollo del fen\u00f3meno.<\/p>\n<p>\u201cLa llegada de El Ni\u00f1o aumentar\u00e1 de forma considerable la probabilidad de batir r\u00e9cords de temperatura y de activar un calor m\u00e1s extremo en numerosas regiones del mundo y en los oc\u00e9anos\u201d, alert\u00f3 Petteri Taalas, secretario general de la OMM.<\/p>\n<p>Este anuncio del episodio de El Ni\u00f1o \u201ces una se\u00f1al para los gobiernos del mundo para que se preparen a limitar los efectos en nuestra salud, nuestros ecosistemas y nuestras econom\u00edas\u201d, a\u00f1adi\u00f3 el responsable de esta agencia especializada de la ONU. Por ello, se\u00f1al\u00f3, son importantes los sistemas de alerta precoces y las medidas de anticipaci\u00f3n de los fen\u00f3menos meteorol\u00f3gicos extremos \u201cpara salvar vidas y medios de subsistencia\u201d.<\/p>\n<p>\u201cEl r\u00e9cord de temperatura global es una combinaci\u00f3n de la variaci\u00f3n natural en el clima y la tendencia subyacente al calentamiento global\u201d, dijo Ceppi, y la variaci\u00f3n natural se explica en gran medida por El Ni\u00f1o.<\/p>\n<p>El patr\u00f3n describe c\u00f3mo el oc\u00e9ano \u201cinhala\u201d y \u201cexhala\u201d calor cada pocos a\u00f1os, dijo Ceppi. \u201cActualmente estamos en una fase en la que el oc\u00e9ano est\u00e1 liberando calor hacia la atm\u00f3sfera.\u201d<\/p>\n<p>\u201cMirando hacia el futuro, podemos esperar que el calentamiento global contin\u00fae y, por lo tanto, que los r\u00e9cords de temperatura se rompan cada vez con mayor frecuencia, a menos que actuemos r\u00e1pidamente para reducir las emisiones de gases de efecto invernadero a cero neto\u201d, advirti\u00f3 Ceppi.<\/p>\n","protected":false},"excerpt":{"rendered":"<p>La Agencia Nacional Oce\u00e1nica y Atmosf\u00e9rica de Estados Unidos dijo que la temperatura media del aire de la superficie de la Tierra fue de 17,18\u00b0C el 4 de julio &nbsp; &nbsp; El martes fue el d\u00eda m\u00e1s c\u00e1lido jam\u00e1s registrado y esta semana la media global de las temperaturas rompi\u00f3 un r\u00e9cord por segundo d\u00eda consecutivo, seg\u00fan datos preliminares publicados este mi\u00e9rcoles por el observatorio de meteorolog\u00eda estadounidense. La temperatura media del aire de la superficie de la Tierra fue de 17,18\u00b0C el 4 de julio, indic\u00f3 la Agencia Nacional&#8230;<\/p>\n","protected":false},"author":3,"featured_media":101972,"comment_status":"closed","ping_status":"closed","sticky":false,"template":"","format":"standard","meta":[],"categories":[4],"tags":[],"_links":{"self":[{"href":"https:\/\/www.actualidadadiario.com\/index.php\/wp-json\/wp\/v2\/posts\/104272"}],"collection":[{"href":"https:\/\/www.actualidadadiario.com\/index.php\/wp-json\/wp\/v2\/posts"}],"about":[{"href":"https:\/\/www.actualidadadiario.com\/index.php\/wp-json\/wp\/v2\/types\/post"}],"author":[{"embeddable":true,"href":"https:\/\/www.actualidadadiario.com\/index.php\/wp-json\/wp\/v2\/users\/3"}],"replies":[{"embeddable":true,"href":"https:\/\/www.actualidadadiario.com\/index.php\/wp-json\/wp\/v2\/comments?post=104272"}],"version-history":[{"count":2,"href":"https:\/\/www.actualidadadiario.com\/index.php\/wp-json\/wp\/v2\/posts\/104272\/revisions"}],"predecessor-version":[{"id":104305,"href":"https:\/\/www.actualidadadiario.com\/index.php\/wp-json\/wp\/v2\/posts\/104272\/revisions\/104305"}],"wp:featuredmedia":[{"embeddable":true,"href":"https:\/\/www.actualidadadiario.com\/index.php\/wp-json\/wp\/v2\/media\/101972"}],"wp:attachment":[{"href":"https:\/\/www.actualidadadiario.com\/index.php\/wp-json\/wp\/v2\/media?parent=104272"}],"wp:term":[{"taxonomy":"category","embeddable":true,"href":"https:\/\/www.actualidadadiario.com\/index.php\/wp-json\/wp\/v2\/categories?post=104272"},{"taxonomy":"post_tag","embeddable":true,"href":"https:\/\/www.actualidadadiario.com\/index.php\/wp-json\/wp\/v2\/tags?post=104272"}],"curies":[{"name":"wp","href":"https:\/\/api.w.org\/{rel}","templated":true}]}}