{"id":104269,"date":"2023-07-05T13:04:19","date_gmt":"2023-07-05T16:04:19","guid":{"rendered":"https:\/\/www.actualidadadiario.com\/?p=104269"},"modified":"2023-07-05T13:04:19","modified_gmt":"2023-07-05T16:04:19","slug":"galimberti-presentara-este-viernes-sus-propuestas-para-el-sector-agropecuario","status":"publish","type":"post","link":"https:\/\/www.actualidadadiario.com\/index.php\/2023\/07\/05\/galimberti-presentara-este-viernes-sus-propuestas-para-el-sector-agropecuario\/","title":{"rendered":"Galimberti presentar\u00e1 este viernes sus propuestas para el sector agropecuario"},"content":{"rendered":"<p style=\"text-align: center;\"><em><strong>Ser\u00e1 en Villaguay, en el marco de una convocatoria realizada por la Federaci\u00f3n de Asociaciones Rurales de Entre R\u00edos (FARER)<\/strong><\/em><\/p>\n<p>&nbsp;<\/p>\n<p>&nbsp;<\/p>\n<p>La actividad se llevar\u00e1 adelante en el marco del proceso eleccionario previsto para este a\u00f1o y con el objetivo de conocer las ideas, propuestas y programas que cada precandidato a la gobernaci\u00f3n de la provincia de Entre R\u00edos tiene para el sector agropecuario. La idea, seg\u00fan indican desde la organizaci\u00f3n, es escuchar y debatir sobre las mismas.<\/p>\n<p>En este sentido, desde FARER, anticiparon que los temas sobres los que les gustar\u00eda un mayor detalle de pol\u00edticas y medidas a implementar, son los siguientes: vialidad y caminos de la producci\u00f3n, Ley de Fitosanitarios, Impuesto Inmobiliario Rural y aspectos tributarios generales, gasto p\u00fablico, tarifa el\u00e9ctrica, educaci\u00f3n, ambiente, l\u00edneas crediticias, planes y fondos productivos de incentivo.<\/p>\n<p>Asimismo, quienes integran la Federaci\u00f3n de Asociaciones Rurales de Entre R\u00edos, consideran, entre otras cosas, que es prioritario la mejora y el mantenimiento de toda la red vial de la provincia, tanto de caminos rurales como de las rutas primarias. Tambi\u00e9n, destacan la necesidad de construcci\u00f3n de nuevos ripios y reposici\u00f3n en los existentes en zona de calzada.<\/p>\n<p>De la misma manera, anticipan como obras prioritarias la reconstrucci\u00f3n de las Rutas Provinciales 1 &#8211; 2 y pavimentaci\u00f3n de la Ruta 28 a Corrientes. Adem\u00e1s, la recuperaci\u00f3n de puentes que dejaron de funcionar en el Departamento Federal, y las reparaciones, por un lado, del socavado terrapl\u00e9n Ruta 22 sobre R\u00edo Gualeguay y de la carpeta asf\u00e1ltica Ruta 22, Federal Concordia.<\/p>\n<p>Por \u00faltimo, solicitan la eliminaci\u00f3n de Ingresos Brutos a las actividades primarias y de impuestos municipales aplicados en las facturas de energ\u00eda el\u00e9ctrica. Tambi\u00e9n, hacen hincapi\u00e9 en la creaci\u00f3n de un programa de infraestructura el\u00e9ctrica \u2013 Enersa y un representante del sector agropecuario en el directorio.<\/p>\n","protected":false},"excerpt":{"rendered":"<p>Ser\u00e1 en Villaguay, en el marco de una convocatoria realizada por la Federaci\u00f3n de Asociaciones Rurales de Entre R\u00edos (FARER) &nbsp; &nbsp; La actividad se llevar\u00e1 adelante en el marco del proceso eleccionario previsto para este a\u00f1o y con el objetivo de conocer las ideas, propuestas y programas que cada precandidato a la gobernaci\u00f3n de la provincia de Entre R\u00edos tiene para el sector agropecuario. La idea, seg\u00fan indican desde la organizaci\u00f3n, es escuchar y debatir sobre las mismas. En este sentido, desde FARER, anticiparon que los temas sobres los&#8230;<\/p>\n","protected":false},"author":3,"featured_media":104270,"comment_status":"closed","ping_status":"closed","sticky":false,"template":"","format":"standard","meta":[],"categories":[15],"tags":[],"_links":{"self":[{"href":"https:\/\/www.actualidadadiario.com\/index.php\/wp-json\/wp\/v2\/posts\/104269"}],"collection":[{"href":"https:\/\/www.actualidadadiario.com\/index.php\/wp-json\/wp\/v2\/posts"}],"about":[{"href":"https:\/\/www.actualidadadiario.com\/index.php\/wp-json\/wp\/v2\/types\/post"}],"author":[{"embeddable":true,"href":"https:\/\/www.actualidadadiario.com\/index.php\/wp-json\/wp\/v2\/users\/3"}],"replies":[{"embeddable":true,"href":"https:\/\/www.actualidadadiario.com\/index.php\/wp-json\/wp\/v2\/comments?post=104269"}],"version-history":[{"count":1,"href":"https:\/\/www.actualidadadiario.com\/index.php\/wp-json\/wp\/v2\/posts\/104269\/revisions"}],"predecessor-version":[{"id":104271,"href":"https:\/\/www.actualidadadiario.com\/index.php\/wp-json\/wp\/v2\/posts\/104269\/revisions\/104271"}],"wp:featuredmedia":[{"embeddable":true,"href":"https:\/\/www.actualidadadiario.com\/index.php\/wp-json\/wp\/v2\/media\/104270"}],"wp:attachment":[{"href":"https:\/\/www.actualidadadiario.com\/index.php\/wp-json\/wp\/v2\/media?parent=104269"}],"wp:term":[{"taxonomy":"category","embeddable":true,"href":"https:\/\/www.actualidadadiario.com\/index.php\/wp-json\/wp\/v2\/categories?post=104269"},{"taxonomy":"post_tag","embeddable":true,"href":"https:\/\/www.actualidadadiario.com\/index.php\/wp-json\/wp\/v2\/tags?post=104269"}],"curies":[{"name":"wp","href":"https:\/\/api.w.org\/{rel}","templated":true}]}}