{"id":104266,"date":"2023-07-05T13:03:15","date_gmt":"2023-07-05T16:03:15","guid":{"rendered":"https:\/\/www.actualidadadiario.com\/?p=104266"},"modified":"2023-07-05T13:03:15","modified_gmt":"2023-07-05T16:03:15","slug":"agmer-convoco-a-un-nuevo-congreso-para-analizar-la-ultima-reunion-paritaria","status":"publish","type":"post","link":"https:\/\/www.actualidadadiario.com\/index.php\/2023\/07\/05\/agmer-convoco-a-un-nuevo-congreso-para-analizar-la-ultima-reunion-paritaria\/","title":{"rendered":"AGMER convoc\u00f3 a un nuevo congreso para analizar la \u00faltima reuni\u00f3n paritaria"},"content":{"rendered":"<p style=\"text-align: center;\"><em><strong>La Comisi\u00f3n Directiva de AGMER convoc\u00f3 a Congreso Extraordinario para el jueves 6 de julio, en la localidad de Paran\u00e1. Cabe recordar que la \u00faltima reuni\u00f3n paritaria desarrollada este martes, pas\u00f3 a cuarto intermedio<\/strong><\/em><\/p>\n<p>&nbsp;<\/p>\n<p>&nbsp;<\/p>\n<p>En la ma\u00f1ana del este martes se realiz\u00f3 una nueva reuni\u00f3n de la paritaria salarial docente, donde concurri\u00f3 la representaci\u00f3n paritaria de AGMER, AMET, UDA y SADOP.<\/p>\n<p>En ese marco, el gremio docente mayoritario adelant\u00f3 que convoc\u00f3 a Congreso Extraordinario con modalidad presencial, para el pr\u00f3ximo jueves 6 de julio, en el camping Pucar\u00e1 VIII de la localidad de Paran\u00e1.<\/p>\n<p>En la convocatoria prevista a partir de las 9 de la ma\u00f1ana, se realizar\u00e1 un an\u00e1lisis de la situaci\u00f3n nacional y provincial; como as\u00ed tambi\u00e9n se compartir\u00e1n y debatir\u00e1n las estrategias a seguir.<\/p>\n","protected":false},"excerpt":{"rendered":"<p>La Comisi\u00f3n Directiva de AGMER convoc\u00f3 a Congreso Extraordinario para el jueves 6 de julio, en la localidad de Paran\u00e1. Cabe recordar que la \u00faltima reuni\u00f3n paritaria desarrollada este martes, pas\u00f3 a cuarto intermedio &nbsp; &nbsp; En la ma\u00f1ana del este martes se realiz\u00f3 una nueva reuni\u00f3n de la paritaria salarial docente, donde concurri\u00f3 la representaci\u00f3n paritaria de AGMER, AMET, UDA y SADOP. En ese marco, el gremio docente mayoritario adelant\u00f3 que convoc\u00f3 a Congreso Extraordinario con modalidad presencial, para el pr\u00f3ximo jueves 6 de julio, en el camping Pucar\u00e1&#8230;<\/p>\n","protected":false},"author":3,"featured_media":104267,"comment_status":"closed","ping_status":"closed","sticky":false,"template":"","format":"standard","meta":[],"categories":[15],"tags":[],"_links":{"self":[{"href":"https:\/\/www.actualidadadiario.com\/index.php\/wp-json\/wp\/v2\/posts\/104266"}],"collection":[{"href":"https:\/\/www.actualidadadiario.com\/index.php\/wp-json\/wp\/v2\/posts"}],"about":[{"href":"https:\/\/www.actualidadadiario.com\/index.php\/wp-json\/wp\/v2\/types\/post"}],"author":[{"embeddable":true,"href":"https:\/\/www.actualidadadiario.com\/index.php\/wp-json\/wp\/v2\/users\/3"}],"replies":[{"embeddable":true,"href":"https:\/\/www.actualidadadiario.com\/index.php\/wp-json\/wp\/v2\/comments?post=104266"}],"version-history":[{"count":1,"href":"https:\/\/www.actualidadadiario.com\/index.php\/wp-json\/wp\/v2\/posts\/104266\/revisions"}],"predecessor-version":[{"id":104268,"href":"https:\/\/www.actualidadadiario.com\/index.php\/wp-json\/wp\/v2\/posts\/104266\/revisions\/104268"}],"wp:featuredmedia":[{"embeddable":true,"href":"https:\/\/www.actualidadadiario.com\/index.php\/wp-json\/wp\/v2\/media\/104267"}],"wp:attachment":[{"href":"https:\/\/www.actualidadadiario.com\/index.php\/wp-json\/wp\/v2\/media?parent=104266"}],"wp:term":[{"taxonomy":"category","embeddable":true,"href":"https:\/\/www.actualidadadiario.com\/index.php\/wp-json\/wp\/v2\/categories?post=104266"},{"taxonomy":"post_tag","embeddable":true,"href":"https:\/\/www.actualidadadiario.com\/index.php\/wp-json\/wp\/v2\/tags?post=104266"}],"curies":[{"name":"wp","href":"https:\/\/api.w.org\/{rel}","templated":true}]}}