{"id":104263,"date":"2023-07-05T13:02:02","date_gmt":"2023-07-05T16:02:02","guid":{"rendered":"https:\/\/www.actualidadadiario.com\/?p=104263"},"modified":"2023-07-05T13:02:02","modified_gmt":"2023-07-05T16:02:02","slug":"bordet-participara-de-la-cumbre-de-gobernadores-del-pj-con-sergio-massa","status":"publish","type":"post","link":"https:\/\/www.actualidadadiario.com\/index.php\/2023\/07\/05\/bordet-participara-de-la-cumbre-de-gobernadores-del-pj-con-sergio-massa\/","title":{"rendered":"Bordet participar\u00e1 de la cumbre de gobernadores del PJ con Sergio Massa"},"content":{"rendered":"<p style=\"text-align: center;\"><em><strong>El gobernador de Entre R\u00edos, Gustavo Bordet, participar\u00e1 este mi\u00e9rcoles de la cumbre de mandatarios peronistas con el candidato a la presidencia por Uni\u00f3n por la Patria, Sergio Massa. La cita ser\u00e1 despu\u00e9s del mediod\u00eda en el CFI<\/strong><\/em><\/p>\n<p>&nbsp;<\/p>\n<p>&nbsp;<\/p>\n<p>Los gobernadores oficialistas se reunir\u00e1n a las 13, en el Consejo Federal de Inversiones (CFI), ubicado en el centro porte\u00f1o. En la punta de la mesa estar\u00e1 sentado Sergio Massa.<\/p>\n<p>Los mandatarios quieren dar una se\u00f1al de respaldo al candidato presidencial de Uni\u00f3n por la Patria, que el \u00faltimo fin de semana activ\u00f3 el modo campa\u00f1a con una recorrida por el conurbano bonaerense. Ser\u00e1 el primer encuentro formal despu\u00e9s del traum\u00e1tico cierre de listas que protagoniz\u00f3 el peronismo y una muestra contundente de apoyo a su postulaci\u00f3n para llegar a la Casa Rosada.<\/p>\n<p>En el encuentro estar\u00e1 presente el Jefe de Gabinete, Agust\u00edn Rossi, que es el candidato a vicepresidente que acompa\u00f1ar\u00e1 a Massa en estas elecciones. Ser\u00e1 el primer acto pol\u00edtico de la f\u00f3rmula de Uni\u00f3n por la Patria. Antes hab\u00edan compartido un acto de Cristina Kirchner en el Aeroparque y una reuni\u00f3n de Gabinete en la Casa Rosada.<\/p>\n<p>Tambi\u00e9n participar\u00e1 el ministro del Interior y precandidato a senador nacional, Eduardo \u201cWado\u201d de Pedro. Ser\u00e1 una reuni\u00f3n de alto impacto pol\u00edtico dentro del proceso electoral, ya que estar\u00e1n las principales espadas del oficialismo sentadas en la misma mesa.<\/p>\n","protected":false},"excerpt":{"rendered":"<p>El gobernador de Entre R\u00edos, Gustavo Bordet, participar\u00e1 este mi\u00e9rcoles de la cumbre de mandatarios peronistas con el candidato a la presidencia por Uni\u00f3n por la Patria, Sergio Massa. La cita ser\u00e1 despu\u00e9s del mediod\u00eda en el CFI &nbsp; &nbsp; Los gobernadores oficialistas se reunir\u00e1n a las 13, en el Consejo Federal de Inversiones (CFI), ubicado en el centro porte\u00f1o. En la punta de la mesa estar\u00e1 sentado Sergio Massa. Los mandatarios quieren dar una se\u00f1al de respaldo al candidato presidencial de Uni\u00f3n por la Patria, que el \u00faltimo fin&#8230;<\/p>\n","protected":false},"author":3,"featured_media":104264,"comment_status":"closed","ping_status":"closed","sticky":false,"template":"","format":"standard","meta":[],"categories":[9,15],"tags":[],"_links":{"self":[{"href":"https:\/\/www.actualidadadiario.com\/index.php\/wp-json\/wp\/v2\/posts\/104263"}],"collection":[{"href":"https:\/\/www.actualidadadiario.com\/index.php\/wp-json\/wp\/v2\/posts"}],"about":[{"href":"https:\/\/www.actualidadadiario.com\/index.php\/wp-json\/wp\/v2\/types\/post"}],"author":[{"embeddable":true,"href":"https:\/\/www.actualidadadiario.com\/index.php\/wp-json\/wp\/v2\/users\/3"}],"replies":[{"embeddable":true,"href":"https:\/\/www.actualidadadiario.com\/index.php\/wp-json\/wp\/v2\/comments?post=104263"}],"version-history":[{"count":1,"href":"https:\/\/www.actualidadadiario.com\/index.php\/wp-json\/wp\/v2\/posts\/104263\/revisions"}],"predecessor-version":[{"id":104265,"href":"https:\/\/www.actualidadadiario.com\/index.php\/wp-json\/wp\/v2\/posts\/104263\/revisions\/104265"}],"wp:featuredmedia":[{"embeddable":true,"href":"https:\/\/www.actualidadadiario.com\/index.php\/wp-json\/wp\/v2\/media\/104264"}],"wp:attachment":[{"href":"https:\/\/www.actualidadadiario.com\/index.php\/wp-json\/wp\/v2\/media?parent=104263"}],"wp:term":[{"taxonomy":"category","embeddable":true,"href":"https:\/\/www.actualidadadiario.com\/index.php\/wp-json\/wp\/v2\/categories?post=104263"},{"taxonomy":"post_tag","embeddable":true,"href":"https:\/\/www.actualidadadiario.com\/index.php\/wp-json\/wp\/v2\/tags?post=104263"}],"curies":[{"name":"wp","href":"https:\/\/api.w.org\/{rel}","templated":true}]}}