{"id":104261,"date":"2023-07-05T13:01:07","date_gmt":"2023-07-05T16:01:07","guid":{"rendered":"https:\/\/www.actualidadadiario.com\/?p=104261"},"modified":"2023-07-05T13:01:07","modified_gmt":"2023-07-05T16:01:07","slug":"con-un-nuevo-aumento-se-inicio-el-pago-de-becas-a-estudiantes-secundarios","status":"publish","type":"post","link":"https:\/\/www.actualidadadiario.com\/index.php\/2023\/07\/05\/con-un-nuevo-aumento-se-inicio-el-pago-de-becas-a-estudiantes-secundarios\/","title":{"rendered":"Con un nuevo aumento, se inici\u00f3 el pago de becas a estudiantes secundarios"},"content":{"rendered":"<p style=\"text-align: center;\"><em><strong>El Instituto Becario dio a conocer el cronograma de pago de becas de nivel secundario correspondiente al mes de julio, que se iniciar\u00e1 este mi\u00e9rcoles con un nuevo aumento en los montos<\/strong><\/em><\/p>\n<p>&nbsp;<\/p>\n<p>&nbsp;<\/p>\n<p>Sumada a la mejora otorgada en mayo, se alcanza, en promedio, un incremento del ciento por ciento en el primer semestre del a\u00f1o.<\/p>\n<p>El director ejecutivo del Instituto Becario, Sebasti\u00e1n B\u00e9rtoli, destac\u00f3 la decisi\u00f3n de mantener muy por encima de los \u00edndices de inflaci\u00f3n los beneficios que el organismo brinda a las y los estudiantes entrerrianos, acompa\u00f1ando la pol\u00edtica del gobernador Gustavo Bordet que apunta hacia una mejora constante en la calidad educativa en la provincia.<\/p>\n<p>En este marco, dio a conocer el cronograma de pago de las becas del nivel secundario que se abonar\u00e1n con un incremento del 60 por ciento, el que se suma al otorgado en el mes de mayo que fue del 40 por ciento.<\/p>\n<p>B\u00e9rtoli, detall\u00f3 que el cronograma se extender\u00e1 desde este mi\u00e9rcoles 5 hasta el viernes 7 inclusive, seg\u00fan la terminaci\u00f3n del DNI del titular del cobro.<\/p>\n<p>Dijo que este mes contin\u00faan percibiendo su beneficio los estudiantes del nivel secundario que hayan solicitado su beca en 2023, ya sean becas nuevas o renovaciones, y mencion\u00f3 que siempre se garantiza el pago retroactivo al mes de mayo de este a\u00f1o.<\/p>\n<p>El funcionario record\u00f3 que el periodo de pago para los estudiantes secundarios se extiende de mayo a noviembre y se finaliza en febrero y marzo de 2024, completando as\u00ed los nueve meses de pago en cada calendario anual.<\/p>\n<p>Acerca de las \u00faltimas inscripciones, el titular del ente aut\u00e1rquico dijo: &#8220;Los estudiantes secundarios que iniciaron su tr\u00e1mite hasta el 24 de mayo pueden a\u00fan completar la documentaci\u00f3n correspondiente, por lo que les pedimos que finalicen su solicitud as\u00ed podremos avanzar en la evaluaci\u00f3n y darles un resultado sobre su beca&#8221;.<\/p>\n<p>Seguidamente, se\u00f1al\u00f3 que el cronograma se establece seg\u00fan la terminaci\u00f3n del DNI de la persona titular del cobro, sea \u00e9sta el estudiante o un mayor a cargo y precis\u00f3 que el cronograma qued\u00f3 establecido de la siguiente manera:<\/p>\n<p><strong>Mi\u00e9rcoles 5:<\/strong> terminaci\u00f3n del DNI en 0, 1 y 2<\/p>\n<p><strong>Jueves 6:<\/strong> terminaci\u00f3n del DNI en 3, 4 y 5<\/p>\n<p><strong>Viernes 7:<\/strong> terminaci\u00f3n del DNI en 6, 7, 8 y 9<\/p>\n<p>&nbsp;<\/p>\n<p><strong>Nivel superior<\/strong><\/p>\n<p>El titular del Becario, Sebasti\u00e1n B\u00e9rtoli, tambi\u00e9n aclar\u00f3 que el per\u00edodo de pago y de inscripciones del nivel secundario est\u00e1 diferenciado del superior (terciario y universitario) y record\u00f3 que el 5 de junio se abri\u00f3 la inscripci\u00f3n para acceder a becas en este nivel.<\/p>\n<p>\u201cActualmente est\u00e1 abierta la inscripci\u00f3n para las becas 2023 de nivel superior, que se realiza de manera online y est\u00e1 disponible las 24 horas, sin restricciones&#8221;, dijo B\u00e9rtoli y record\u00f3 que el periodo de pago para este nivel que comprende a estudiantes terciarios y universitarios, va de agosto a diciembre (2023) y de marzo a junio (2024).<\/p>\n<p>&nbsp;<\/p>\n<p><strong>Canales de atenci\u00f3n<\/strong><\/p>\n<p>El organismo provincial cuenta con delegaciones en toda la provincia, de las cuales se puede conocer su ubicaci\u00f3n y horario de atenci\u00f3n, en la web del Becario. Asimismo, la atenci\u00f3n en Casa Central, San Mart\u00edn 458 de Paran\u00e1, es de lunes a viernes de 8 a 13, mientras que a trav\u00e9s del chat online, son los mismos d\u00edas, de 9 a 13.<\/p>\n","protected":false},"excerpt":{"rendered":"<p>El Instituto Becario dio a conocer el cronograma de pago de becas de nivel secundario correspondiente al mes de julio, que se iniciar\u00e1 este mi\u00e9rcoles con un nuevo aumento en los montos &nbsp; &nbsp; Sumada a la mejora otorgada en mayo, se alcanza, en promedio, un incremento del ciento por ciento en el primer semestre del a\u00f1o. El director ejecutivo del Instituto Becario, Sebasti\u00e1n B\u00e9rtoli, destac\u00f3 la decisi\u00f3n de mantener muy por encima de los \u00edndices de inflaci\u00f3n los beneficios que el organismo brinda a las y los estudiantes entrerrianos,&#8230;<\/p>\n","protected":false},"author":3,"featured_media":95672,"comment_status":"closed","ping_status":"closed","sticky":false,"template":"","format":"standard","meta":[],"categories":[9,15],"tags":[],"_links":{"self":[{"href":"https:\/\/www.actualidadadiario.com\/index.php\/wp-json\/wp\/v2\/posts\/104261"}],"collection":[{"href":"https:\/\/www.actualidadadiario.com\/index.php\/wp-json\/wp\/v2\/posts"}],"about":[{"href":"https:\/\/www.actualidadadiario.com\/index.php\/wp-json\/wp\/v2\/types\/post"}],"author":[{"embeddable":true,"href":"https:\/\/www.actualidadadiario.com\/index.php\/wp-json\/wp\/v2\/users\/3"}],"replies":[{"embeddable":true,"href":"https:\/\/www.actualidadadiario.com\/index.php\/wp-json\/wp\/v2\/comments?post=104261"}],"version-history":[{"count":1,"href":"https:\/\/www.actualidadadiario.com\/index.php\/wp-json\/wp\/v2\/posts\/104261\/revisions"}],"predecessor-version":[{"id":104262,"href":"https:\/\/www.actualidadadiario.com\/index.php\/wp-json\/wp\/v2\/posts\/104261\/revisions\/104262"}],"wp:featuredmedia":[{"embeddable":true,"href":"https:\/\/www.actualidadadiario.com\/index.php\/wp-json\/wp\/v2\/media\/95672"}],"wp:attachment":[{"href":"https:\/\/www.actualidadadiario.com\/index.php\/wp-json\/wp\/v2\/media?parent=104261"}],"wp:term":[{"taxonomy":"category","embeddable":true,"href":"https:\/\/www.actualidadadiario.com\/index.php\/wp-json\/wp\/v2\/categories?post=104261"},{"taxonomy":"post_tag","embeddable":true,"href":"https:\/\/www.actualidadadiario.com\/index.php\/wp-json\/wp\/v2\/tags?post=104261"}],"curies":[{"name":"wp","href":"https:\/\/api.w.org\/{rel}","templated":true}]}}