{"id":104256,"date":"2023-07-05T12:59:04","date_gmt":"2023-07-05T15:59:04","guid":{"rendered":"https:\/\/www.actualidadadiario.com\/?p=104256"},"modified":"2023-07-05T13:10:22","modified_gmt":"2023-07-05T16:10:22","slug":"comenzaron-a-llegar-las-maquinas-y-operarios-para-la-perforacion-termal-en-santa-ana","status":"publish","type":"post","link":"https:\/\/www.actualidadadiario.com\/index.php\/2023\/07\/05\/comenzaron-a-llegar-las-maquinas-y-operarios-para-la-perforacion-termal-en-santa-ana\/","title":{"rendered":"Comenzaron a llegar las m\u00e1quinas y operarios para la perforaci\u00f3n termal en Santa Ana"},"content":{"rendered":"<p style=\"text-align: center;\"><em><strong>Este martes comenzaron a llegar las primeras m\u00e1quinas y operarios de la empresa Velitec S.A., que estar\u00e1 a cargo de la perforaci\u00f3n del pozo termal en Santa Ana<\/strong><\/em><\/p>\n<p>&nbsp;<\/p>\n<p>&nbsp;<\/p>\n<p>Este martes, comenzaron a llegar las primeras m\u00e1quinas y operarios de la empresa Velitec S.A. al futuro predio termal de la localidad de Santa Ana, donde pr\u00f3ximamente comenzar\u00e1n las obras de perforaci\u00f3n del pozo de 1100 metros de profundidad.<\/p>\n<p>De acuerdo a lo informado semanas atr\u00e1s por el intendente de la localidad, Rogelio Zanandrea, se estima que se obtendr\u00e1 agua con una temperatura de entre 42 y 43 grados.<\/p>\n","protected":false},"excerpt":{"rendered":"<p>Este martes comenzaron a llegar las primeras m\u00e1quinas y operarios de la empresa Velitec S.A., que estar\u00e1 a cargo de la perforaci\u00f3n del pozo termal en Santa Ana &nbsp; &nbsp; Este martes, comenzaron a llegar las primeras m\u00e1quinas y operarios de la empresa Velitec S.A. al futuro predio termal de la localidad de Santa Ana, donde pr\u00f3ximamente comenzar\u00e1n las obras de perforaci\u00f3n del pozo de 1100 metros de profundidad. De acuerdo a lo informado semanas atr\u00e1s por el intendente de la localidad, Rogelio Zanandrea, se estima que se obtendr\u00e1 agua&#8230;<\/p>\n","protected":false},"author":3,"featured_media":104257,"comment_status":"closed","ping_status":"closed","sticky":false,"template":"","format":"standard","meta":[],"categories":[15],"tags":[],"_links":{"self":[{"href":"https:\/\/www.actualidadadiario.com\/index.php\/wp-json\/wp\/v2\/posts\/104256"}],"collection":[{"href":"https:\/\/www.actualidadadiario.com\/index.php\/wp-json\/wp\/v2\/posts"}],"about":[{"href":"https:\/\/www.actualidadadiario.com\/index.php\/wp-json\/wp\/v2\/types\/post"}],"author":[{"embeddable":true,"href":"https:\/\/www.actualidadadiario.com\/index.php\/wp-json\/wp\/v2\/users\/3"}],"replies":[{"embeddable":true,"href":"https:\/\/www.actualidadadiario.com\/index.php\/wp-json\/wp\/v2\/comments?post=104256"}],"version-history":[{"count":1,"href":"https:\/\/www.actualidadadiario.com\/index.php\/wp-json\/wp\/v2\/posts\/104256\/revisions"}],"predecessor-version":[{"id":104258,"href":"https:\/\/www.actualidadadiario.com\/index.php\/wp-json\/wp\/v2\/posts\/104256\/revisions\/104258"}],"wp:featuredmedia":[{"embeddable":true,"href":"https:\/\/www.actualidadadiario.com\/index.php\/wp-json\/wp\/v2\/media\/104257"}],"wp:attachment":[{"href":"https:\/\/www.actualidadadiario.com\/index.php\/wp-json\/wp\/v2\/media?parent=104256"}],"wp:term":[{"taxonomy":"category","embeddable":true,"href":"https:\/\/www.actualidadadiario.com\/index.php\/wp-json\/wp\/v2\/categories?post=104256"},{"taxonomy":"post_tag","embeddable":true,"href":"https:\/\/www.actualidadadiario.com\/index.php\/wp-json\/wp\/v2\/tags?post=104256"}],"curies":[{"name":"wp","href":"https:\/\/api.w.org\/{rel}","templated":true}]}}