{"id":104253,"date":"2023-07-05T12:58:09","date_gmt":"2023-07-05T15:58:09","guid":{"rendered":"https:\/\/www.actualidadadiario.com\/?p=104253"},"modified":"2023-07-05T12:58:09","modified_gmt":"2023-07-05T15:58:09","slug":"oficial-el-consejo-del-salario-se-reunira-el-13-de-julio-para-aumentar-el-sueldo-minimo","status":"publish","type":"post","link":"https:\/\/www.actualidadadiario.com\/index.php\/2023\/07\/05\/oficial-el-consejo-del-salario-se-reunira-el-13-de-julio-para-aumentar-el-sueldo-minimo\/","title":{"rendered":"Oficial: el Consejo del Salario se reunir\u00e1 el 13 de julio para aumentar el sueldo m\u00ednimo"},"content":{"rendered":"<p style=\"text-align: center;\"><em><strong>La reuni\u00f3n fue convocada por la ministra de Trabajo Kelly Olmos, la primera sesi\u00f3n ordinaria ser\u00e1 a las 16 de manera virtual, en una reuni\u00f3n posterior sindicalistas y empresarios decidir\u00e1n si el monto acordado para el ingreso es correcto<\/strong><\/em><\/p>\n<p>&nbsp;<\/p>\n<p>&nbsp;<\/p>\n<p>El Ministerio de Trabajo, liderado por la ministra Raquel \u201cKelly\u201d Olmos, convoc\u00f3 para el 13 de julio pr\u00f3ximo al Consejo del Salario,\u00a0 sindicalistas y empresarios a discutir una nueva actualizaci\u00f3n del Salario M\u00ednimo, Vital y M\u00f3vil y de las prestaciones m\u00ednima y m\u00e1xima por desempleo.<\/p>\n<p>El jueves pr\u00f3ximo, primero los integrantes del Consejo Nacional del Empleo, la Productividad y el Salario M\u00ednimo, Vital y M\u00f3vil deliberar\u00e1n en una sesi\u00f3n ordinaria a partir de las 16 de manera virtual, luego sindicalistas y empresarios discutir\u00e1n en una segunda reuni\u00f3n los montos de ese ingreso y de esas prestaciones, seg\u00fan lo determina el art\u00edculo 135 de la Ley 24.013 y sus modificatorias.<\/p>\n<p>El Consejo del Salario es presidido por la ministra Olmos y, los montos vigentes de ese ingreso y por desempleo, fueron decididos por \u00faltima vez el 21 de marzo.<\/p>\n<p>A partir del 1\u00b0 de abril \u00faltimo, se estableci\u00f3 al salario m\u00ednimo fue en 80.342 pesos, en mayo aument\u00f3 a 84.512 y, en junio, a 87.987 pesos, sobre la base del \u00faltimo acuerdo entre las partes, que convinieron incrementos del 15,6%, 6% y 5%, respectivamente, no acumulativos.<\/p>\n<p>En el encuentro participar\u00e1n las c\u00e1maras empresarias de las variadas actividades, la CGT y ambas CTA (de los Trabajadores de Hugo Yasky y Aut\u00f3noma de Hugo Godoy). En la reuni\u00f3n de marzo \u00faltimo, la propuesta de aumento del m\u00ednimo fue aprobada por 30 votos, se abstuvo la CTA de Yasky y la rechaz\u00f3 la CTA Aut\u00f3noma, ocasi\u00f3n en la que gremialistas y empresarios convinieron una nueva convocatoria para este mes de julio.<\/p>\n","protected":false},"excerpt":{"rendered":"<p>La reuni\u00f3n fue convocada por la ministra de Trabajo Kelly Olmos, la primera sesi\u00f3n ordinaria ser\u00e1 a las 16 de manera virtual, en una reuni\u00f3n posterior sindicalistas y empresarios decidir\u00e1n si el monto acordado para el ingreso es correcto &nbsp; &nbsp; El Ministerio de Trabajo, liderado por la ministra Raquel \u201cKelly\u201d Olmos, convoc\u00f3 para el 13 de julio pr\u00f3ximo al Consejo del Salario,\u00a0 sindicalistas y empresarios a discutir una nueva actualizaci\u00f3n del Salario M\u00ednimo, Vital y M\u00f3vil y de las prestaciones m\u00ednima y m\u00e1xima por desempleo. El jueves pr\u00f3ximo, primero&#8230;<\/p>\n","protected":false},"author":3,"featured_media":104254,"comment_status":"closed","ping_status":"closed","sticky":false,"template":"","format":"standard","meta":[],"categories":[18],"tags":[],"_links":{"self":[{"href":"https:\/\/www.actualidadadiario.com\/index.php\/wp-json\/wp\/v2\/posts\/104253"}],"collection":[{"href":"https:\/\/www.actualidadadiario.com\/index.php\/wp-json\/wp\/v2\/posts"}],"about":[{"href":"https:\/\/www.actualidadadiario.com\/index.php\/wp-json\/wp\/v2\/types\/post"}],"author":[{"embeddable":true,"href":"https:\/\/www.actualidadadiario.com\/index.php\/wp-json\/wp\/v2\/users\/3"}],"replies":[{"embeddable":true,"href":"https:\/\/www.actualidadadiario.com\/index.php\/wp-json\/wp\/v2\/comments?post=104253"}],"version-history":[{"count":1,"href":"https:\/\/www.actualidadadiario.com\/index.php\/wp-json\/wp\/v2\/posts\/104253\/revisions"}],"predecessor-version":[{"id":104255,"href":"https:\/\/www.actualidadadiario.com\/index.php\/wp-json\/wp\/v2\/posts\/104253\/revisions\/104255"}],"wp:featuredmedia":[{"embeddable":true,"href":"https:\/\/www.actualidadadiario.com\/index.php\/wp-json\/wp\/v2\/media\/104254"}],"wp:attachment":[{"href":"https:\/\/www.actualidadadiario.com\/index.php\/wp-json\/wp\/v2\/media?parent=104253"}],"wp:term":[{"taxonomy":"category","embeddable":true,"href":"https:\/\/www.actualidadadiario.com\/index.php\/wp-json\/wp\/v2\/categories?post=104253"},{"taxonomy":"post_tag","embeddable":true,"href":"https:\/\/www.actualidadadiario.com\/index.php\/wp-json\/wp\/v2\/tags?post=104253"}],"curies":[{"name":"wp","href":"https:\/\/api.w.org\/{rel}","templated":true}]}}