{"id":104250,"date":"2023-07-05T12:57:18","date_gmt":"2023-07-05T15:57:18","guid":{"rendered":"https:\/\/www.actualidadadiario.com\/?p=104250"},"modified":"2023-07-05T12:57:18","modified_gmt":"2023-07-05T15:57:18","slug":"massa-y-rossi-se-reunen-con-gobernadores-oficialistas-para-diagramar-la-campana","status":"publish","type":"post","link":"https:\/\/www.actualidadadiario.com\/index.php\/2023\/07\/05\/massa-y-rossi-se-reunen-con-gobernadores-oficialistas-para-diagramar-la-campana\/","title":{"rendered":"Massa y Rossi se re\u00fanen con gobernadores oficialistas para diagramar la campa\u00f1a"},"content":{"rendered":"<p style=\"text-align: center;\"><em><strong>Los precandidatos por Uni\u00f3n por la Patria contin\u00faan trabajando en su armado para diagramar la campa\u00f1a de las PASO<\/strong><\/em><\/p>\n<p>&nbsp;<\/p>\n<p>&nbsp;<\/p>\n<p>El ministro de Econom\u00eda y precandidato presidencial por Uni\u00f3n por la Patria (UxP), Sergio Massa, se reunir\u00e1 hoy con los gobernadores del oficialismo, en un encuentro del que participar\u00e1n tambi\u00e9n su compa\u00f1ero de f\u00f3rmula, el jefe de Gabinete, Agust\u00edn Rossi; y el ministro del Interior y precandidato a senador por la provincia de Buenos Aires, Eduardo &#8220;Wado&#8221; de Pedro.<\/p>\n<p>La cita ser\u00e1 en el Consejo Federal de Inversiones (CFI), en San Mart\u00edn 871, en el microcentro porte\u00f1o, y servir\u00e1 para diagramar la campa\u00f1a para las primarias abiertas, simult\u00e1neas y obligatorias (PASO) del 13 de agosto.<\/p>\n<p>En el encuentro, previsto para las 13, los gobernadores peronistas y de fuerzas aliadas buscar\u00e1n dialogar con el ministro de Econom\u00eda sobre &#8220;la metodolog\u00eda la campa\u00f1a en las provincias&#8221; y la posibilidad de &#8220;continuar con firmeza con la obra p\u00fablica&#8221; en esos distritos, dijeron desde UxP.<\/p>\n<p>Los gobernadores se hab\u00edan reunido en ese mismo recinto el 7 de junio pasado, previo al cierre de listas, para reclamar unidad en el frente oficialista.<\/p>\n","protected":false},"excerpt":{"rendered":"<p>Los precandidatos por Uni\u00f3n por la Patria contin\u00faan trabajando en su armado para diagramar la campa\u00f1a de las PASO &nbsp; &nbsp; El ministro de Econom\u00eda y precandidato presidencial por Uni\u00f3n por la Patria (UxP), Sergio Massa, se reunir\u00e1 hoy con los gobernadores del oficialismo, en un encuentro del que participar\u00e1n tambi\u00e9n su compa\u00f1ero de f\u00f3rmula, el jefe de Gabinete, Agust\u00edn Rossi; y el ministro del Interior y precandidato a senador por la provincia de Buenos Aires, Eduardo &#8220;Wado&#8221; de Pedro. La cita ser\u00e1 en el Consejo Federal de Inversiones (CFI),&#8230;<\/p>\n","protected":false},"author":3,"featured_media":104251,"comment_status":"closed","ping_status":"closed","sticky":false,"template":"","format":"standard","meta":[],"categories":[18],"tags":[],"_links":{"self":[{"href":"https:\/\/www.actualidadadiario.com\/index.php\/wp-json\/wp\/v2\/posts\/104250"}],"collection":[{"href":"https:\/\/www.actualidadadiario.com\/index.php\/wp-json\/wp\/v2\/posts"}],"about":[{"href":"https:\/\/www.actualidadadiario.com\/index.php\/wp-json\/wp\/v2\/types\/post"}],"author":[{"embeddable":true,"href":"https:\/\/www.actualidadadiario.com\/index.php\/wp-json\/wp\/v2\/users\/3"}],"replies":[{"embeddable":true,"href":"https:\/\/www.actualidadadiario.com\/index.php\/wp-json\/wp\/v2\/comments?post=104250"}],"version-history":[{"count":1,"href":"https:\/\/www.actualidadadiario.com\/index.php\/wp-json\/wp\/v2\/posts\/104250\/revisions"}],"predecessor-version":[{"id":104252,"href":"https:\/\/www.actualidadadiario.com\/index.php\/wp-json\/wp\/v2\/posts\/104250\/revisions\/104252"}],"wp:featuredmedia":[{"embeddable":true,"href":"https:\/\/www.actualidadadiario.com\/index.php\/wp-json\/wp\/v2\/media\/104251"}],"wp:attachment":[{"href":"https:\/\/www.actualidadadiario.com\/index.php\/wp-json\/wp\/v2\/media?parent=104250"}],"wp:term":[{"taxonomy":"category","embeddable":true,"href":"https:\/\/www.actualidadadiario.com\/index.php\/wp-json\/wp\/v2\/categories?post=104250"},{"taxonomy":"post_tag","embeddable":true,"href":"https:\/\/www.actualidadadiario.com\/index.php\/wp-json\/wp\/v2\/tags?post=104250"}],"curies":[{"name":"wp","href":"https:\/\/api.w.org\/{rel}","templated":true}]}}