{"id":104247,"date":"2023-07-05T12:56:21","date_gmt":"2023-07-05T15:56:21","guid":{"rendered":"https:\/\/www.actualidadadiario.com\/?p=104247"},"modified":"2023-07-05T12:56:21","modified_gmt":"2023-07-05T15:56:21","slug":"la-camara-de-diputados-sesiona-hoy-con-un-conjunto-de-temas-consensuados","status":"publish","type":"post","link":"https:\/\/www.actualidadadiario.com\/index.php\/2023\/07\/05\/la-camara-de-diputados-sesiona-hoy-con-un-conjunto-de-temas-consensuados\/","title":{"rendered":"La C\u00e1mara de Diputados sesiona hoy con un conjunto de temas consensuados"},"content":{"rendered":"<p style=\"text-align: center;\"><em><strong>La C\u00e1mara de Diputados sesiona hoy luego del mediod\u00eda para debatir un conjunto de temas consensuados con otras bancadas, entre los que figuran los proyectos de producci\u00f3n org\u00e1nica, violencia digital, cr\u00e9ditos UVA, acompa\u00f1ante terap\u00e9utico, declaraci\u00f3n de un monumento nacional en Santa Fe y regularizaci\u00f3n de deudas de municipios con el Ente Nacional de Obras H\u00eddricas de Saneamiento (Enhosa)<\/strong><\/em><\/p>\n<p>&nbsp;<\/p>\n<p>&nbsp;<\/p>\n<p>La sesi\u00f3n fue impulsada por el presidente del bloque de diputados del Frente de Todos (FdT), Germ\u00e1n Mart\u00ednez, tras alcanzar un acuerdo con la oposici\u00f3n sobre los temas a incorporar en el plenario, aunque no todas las bancadas facilitar\u00e1n el qu\u00f3rum.<\/p>\n<p>En tanto, previamente, a partir de las 10, est\u00e1 convocada una reuni\u00f3n de la Comisi\u00f3n de Labor Parlamentaria, de la que participan los jefes de todas las bancadas.<\/p>\n<p>En la previa a esta jornada, el presidente del sector radical en la C\u00e1mara baja, Mario Negri, expres\u00f3: &#8220;El Bloque UCR viene bregando junto a todo el Interbloque Juntos por el Cambio (JxC) por sancionar cambios de ra\u00edz a la Ley de Alquileres&#8221;.<\/p>\n<p>&#8220;El kirchnerismo volvi\u00f3 a negarse a poner el tema, por eso el Interbloque JxC alzar\u00e1 la voz para que el oficialismo recapacite con su negativa&#8221;, tuite\u00f3 el cordob\u00e9s.<\/p>\n<p>Por su parte, Ricardo L\u00f3pez Murphy, de Republicanos Unidos-JxC, apunt\u00f3 que hoy no dar\u00e1 qu\u00f3rum: &#8220;En un pa\u00eds en el que miles luchan para pagar el alquiler, modificar las condiciones de los cr\u00e9ditos UVA es injusto, y altera la seguridad jur\u00eddica. Para recuperar el futuro, debemos recuperar el orden&#8221;, sostuvo.<\/p>\n<p>En la fallida sesi\u00f3n del 21 de diciembre \u00faltimo, el oficialismo le hab\u00eda ofrecido a JxC incluir el proyecto en la sesi\u00f3n y la ampliaci\u00f3n del temario, que originalmente contemplaba la creaci\u00f3n de universidades nacionales, no fue aceptada por la principal bancada opositora.<\/p>\n<p>El debate de hoy se desarrollar\u00e1 a diez d\u00edas del cierre de listas de candidatos para las PASO, en las cuales 48 legisladores buscan competir para convertirse en candidatos para su reelecci\u00f3n en los comicios del 22 de octubre.<\/p>\n<p>Esta semana se cumplir\u00e1n dos meses y medio sin llevar proyectos al recinto, ya que la \u00faltima vez fue el 19 de abril pasado.<\/p>\n<p>Sin embargo, el 13 de junio, asisti\u00f3 el jefe de Gabinete, Agust\u00edn Rossi, a brindar su informe de gesti\u00f3n, el segundo del a\u00f1o ante Diputados y el tercero al Congreso en general.<\/p>\n<p>Uno de los temas prioritarios de la sesi\u00f3n especial ser\u00e1 buscar atender la situaci\u00f3n de los tomadores de cr\u00e9ditos hipotecarios UVA, en el que se plantea que la cuota a abonar no debe superar el 30% de los ingresos de los deudores y busca modificar el sistema de actualizaci\u00f3n de los cr\u00e9ditos hipotecarios UVA, definido durante el gobierno de Mauricio Macri, que establece a la evoluci\u00f3n de la inflaci\u00f3n como par\u00e1metro de ajuste de las cuotas.<\/p>\n<p>El temario incluye tambi\u00e9n el dictamen de producci\u00f3n org\u00e1nica, que tuvo un amplio consenso -aunque fue rechazado por el PRO-, y que busca dar estabilidad y previsibilidad al sector por un plazo de 10 a\u00f1os, y contempla diversos beneficios fiscales para emprendimientos de empresas peque\u00f1as y medianas.<\/p>\n<p>Se trata de una iniciativa presentada por el diputado del FdT Ramiro Fern\u00e1ndez Patri, que establece que podr\u00e1n ser beneficiarios del plan los productores y elaboradores -alcanzados por la ley de Producci\u00f3n Ecol\u00f3gica, Biol\u00f3gica u Org\u00e1nica- que acrediten al menos un a\u00f1o de permanencia y cuya factura m\u00e1xima se ubique en los par\u00e1metros establecidos para las empresas medianas.<\/p>\n<p>Otra de las iniciativas que se incluy\u00f3 en el temario es un proyecto para combatir la violencia digital denominado &#8220;Ley Olimpia Argentina&#8221;, en reconocimiento a la activista mexicana Olimpia Coral Melo, y que propone reformar la ley de G\u00e9nero.<\/p>\n<p>Asimismo, el temario tentativo se completar\u00eda con una iniciativa que establece la refinanciaci\u00f3n de deudas a cargo de provincias, municipios, comunas y entes prestadores de servicios p\u00fablicos con Enohsa.<\/p>\n<p>Adem\u00e1s se buscar\u00e1 debatir otro proyecto que regula la actividad del acompa\u00f1ante terap\u00e9utico, que est\u00e1 basado en dos iniciativas presentadas por los diputados Daniel Gollan (FdT), Carla Carrizo (Evoluci\u00f3n Radical) y Virginia Cornejo (Pro).<\/p>\n<p>Seg\u00fan la norma, se entiende como acompa\u00f1ante terap\u00e9utico en los t\u00e9rminos de esta ley a quienes con t\u00edtulo habilitante intervinieren a trav\u00e9s de un abordaje biopsicosocial integral, en el marco de un equipo interdisciplinario y\/o por indicaci\u00f3n de un profesional tratante a cargo, para facilitar la rehabilitaci\u00f3n del sujeto acompa\u00f1ado, prevenir eventuales reca\u00eddas, identificar situaciones de riesgo y promover su reinserci\u00f3n en el \u00e1mbito comunitario.<\/p>\n<p>Finalmente, el temario contempla avalar cargos de c\u00f3nsules y vicec\u00f3nsules honorarios a ciudadanos\/as argentinos\/as propuestos por gobiernos extranjeros; la ratificaci\u00f3n de acuerdo sobre Transporte A\u00e9reo entre la Rep\u00fablica Argentina y la Rep\u00fablica Portuguesa, suscripto en la ciudad de Lisboa el 25 de junio de 2007 y la declaraci\u00f3n como monumento hist\u00f3rico del Parque de la Constituci\u00f3n Nacional, ubicado en la ciudad de Santa Fe, donde se rinde homenaje a la Carta Magna nacional y rescata el trascendente protagonismo de la provincia en la historia constitucional del pa\u00eds.<\/p>\n","protected":false},"excerpt":{"rendered":"<p>La C\u00e1mara de Diputados sesiona hoy luego del mediod\u00eda para debatir un conjunto de temas consensuados con otras bancadas, entre los que figuran los proyectos de producci\u00f3n org\u00e1nica, violencia digital, cr\u00e9ditos UVA, acompa\u00f1ante terap\u00e9utico, declaraci\u00f3n de un monumento nacional en Santa Fe y regularizaci\u00f3n de deudas de municipios con el Ente Nacional de Obras H\u00eddricas de Saneamiento (Enhosa) &nbsp; &nbsp; La sesi\u00f3n fue impulsada por el presidente del bloque de diputados del Frente de Todos (FdT), Germ\u00e1n Mart\u00ednez, tras alcanzar un acuerdo con la oposici\u00f3n sobre los temas a incorporar&#8230;<\/p>\n","protected":false},"author":3,"featured_media":104248,"comment_status":"closed","ping_status":"closed","sticky":false,"template":"","format":"standard","meta":[],"categories":[18],"tags":[],"_links":{"self":[{"href":"https:\/\/www.actualidadadiario.com\/index.php\/wp-json\/wp\/v2\/posts\/104247"}],"collection":[{"href":"https:\/\/www.actualidadadiario.com\/index.php\/wp-json\/wp\/v2\/posts"}],"about":[{"href":"https:\/\/www.actualidadadiario.com\/index.php\/wp-json\/wp\/v2\/types\/post"}],"author":[{"embeddable":true,"href":"https:\/\/www.actualidadadiario.com\/index.php\/wp-json\/wp\/v2\/users\/3"}],"replies":[{"embeddable":true,"href":"https:\/\/www.actualidadadiario.com\/index.php\/wp-json\/wp\/v2\/comments?post=104247"}],"version-history":[{"count":1,"href":"https:\/\/www.actualidadadiario.com\/index.php\/wp-json\/wp\/v2\/posts\/104247\/revisions"}],"predecessor-version":[{"id":104249,"href":"https:\/\/www.actualidadadiario.com\/index.php\/wp-json\/wp\/v2\/posts\/104247\/revisions\/104249"}],"wp:featuredmedia":[{"embeddable":true,"href":"https:\/\/www.actualidadadiario.com\/index.php\/wp-json\/wp\/v2\/media\/104248"}],"wp:attachment":[{"href":"https:\/\/www.actualidadadiario.com\/index.php\/wp-json\/wp\/v2\/media?parent=104247"}],"wp:term":[{"taxonomy":"category","embeddable":true,"href":"https:\/\/www.actualidadadiario.com\/index.php\/wp-json\/wp\/v2\/categories?post=104247"},{"taxonomy":"post_tag","embeddable":true,"href":"https:\/\/www.actualidadadiario.com\/index.php\/wp-json\/wp\/v2\/tags?post=104247"}],"curies":[{"name":"wp","href":"https:\/\/api.w.org\/{rel}","templated":true}]}}