{"id":104239,"date":"2023-07-05T12:52:24","date_gmt":"2023-07-05T15:52:24","guid":{"rendered":"https:\/\/www.actualidadadiario.com\/?p=104239"},"modified":"2023-07-05T12:52:24","modified_gmt":"2023-07-05T15:52:24","slug":"por-la-sequia-declaran-la-emergencia-agropecuaria-en-catamarca","status":"publish","type":"post","link":"https:\/\/www.actualidadadiario.com\/index.php\/2023\/07\/05\/por-la-sequia-declaran-la-emergencia-agropecuaria-en-catamarca\/","title":{"rendered":"Por la sequ\u00eda, declaran la emergencia agropecuaria en Catamarca"},"content":{"rendered":"<p style=\"text-align: center;\"><em><strong>La medida se extender\u00e1 por un a\u00f1o, seg\u00fan dispuso el Ministerio de Econom\u00eda de la Naci\u00f3n<\/strong><\/em><\/p>\n<p>&nbsp;<\/p>\n<p>&nbsp;<\/p>\n<p>El Ministerio de Econom\u00eda declar\u00f3 el estado de emergencia y\/o desastre agropecuario, seg\u00fan corresponda, a las explotaciones afectadas por la sequ\u00eda en la provincia de Catamarca.<\/p>\n<p>La decisi\u00f3n se extiende desde el 1\u00b0 de septiembre de 2022 y hasta el 1\u00b0 de septiembre del 2023 en los Departamentos Ambato, Ancasti, Capay\u00e1n, El Alto, Fray Mamerto Esqui\u00fa, La Paz, Pacl\u00edn, Santa Rosa y Valle Viejo.<\/p>\n<p>Adem\u00e1s, involucra a las explotaciones de cucurbit\u00e1ceas, forrajeras, agr\u00edcolas, ganaderas y ap\u00edcolas de esa provincia, seg\u00fan la Resoluci\u00f3n 913\/2023, publicada este mi\u00e9rcoles en el Bolet\u00edn Oficial.<\/p>\n<p>El Palacio de Hacienda determin\u00f3 que el 1\u00b0 de septiembre de 2023 es la fecha de finalizaci\u00f3n del ciclo productivo para las explotaciones agropecuarias afectadas, y dispuso que a los efectos de poder acogerse a los beneficios que acuerda la Ley N\u00ba 26.509 (de emergencia agropecuaria) los productores afectados deber\u00e1n presentar certificado extendido por la autoridad competente de la provincia, en el que conste que sus predios o explotaciones se encuentran comprendidos en los casos de sequ\u00eda.<\/p>\n<p>Por su parte, el Gobierno provincial deber\u00e1 remitir a la Comisi\u00f3n Nacional de Emergencia y Desastres Agropecuarios el listado de los productores afectados, acompa\u00f1ando copia del certificado de emergencia emitido por la autoridad provincial competente.<\/p>\n<p>Econom\u00eda tambi\u00e9n estableci\u00f3 que las instituciones bancarias nacionales, oficiales o mixtas y AFIP arbitrar\u00e1n los medios necesarios para que los productores gocen de los beneficios de aquella Ley.<\/p>\n<p>Catamarca hab\u00eda presentado al Gobierno nacional el Decreto Provincial N\u00b0 1.093 del 5 de mayo de 2023, a los efectos de la aplicaci\u00f3n de la Ley de Emergencia Agropecuaria; tras ese tr\u00e1mite, la Comisi\u00f3n Nacional de Emergencias y Desastres Agropecuarios recomend\u00f3 declarar ese estado con el alcance propuesto por la provincia.<\/p>\n","protected":false},"excerpt":{"rendered":"<p>La medida se extender\u00e1 por un a\u00f1o, seg\u00fan dispuso el Ministerio de Econom\u00eda de la Naci\u00f3n &nbsp; &nbsp; El Ministerio de Econom\u00eda declar\u00f3 el estado de emergencia y\/o desastre agropecuario, seg\u00fan corresponda, a las explotaciones afectadas por la sequ\u00eda en la provincia de Catamarca. La decisi\u00f3n se extiende desde el 1\u00b0 de septiembre de 2022 y hasta el 1\u00b0 de septiembre del 2023 en los Departamentos Ambato, Ancasti, Capay\u00e1n, El Alto, Fray Mamerto Esqui\u00fa, La Paz, Pacl\u00edn, Santa Rosa y Valle Viejo. Adem\u00e1s, involucra a las explotaciones de cucurbit\u00e1ceas, forrajeras,&#8230;<\/p>\n","protected":false},"author":3,"featured_media":81146,"comment_status":"closed","ping_status":"closed","sticky":false,"template":"","format":"standard","meta":[],"categories":[2],"tags":[],"_links":{"self":[{"href":"https:\/\/www.actualidadadiario.com\/index.php\/wp-json\/wp\/v2\/posts\/104239"}],"collection":[{"href":"https:\/\/www.actualidadadiario.com\/index.php\/wp-json\/wp\/v2\/posts"}],"about":[{"href":"https:\/\/www.actualidadadiario.com\/index.php\/wp-json\/wp\/v2\/types\/post"}],"author":[{"embeddable":true,"href":"https:\/\/www.actualidadadiario.com\/index.php\/wp-json\/wp\/v2\/users\/3"}],"replies":[{"embeddable":true,"href":"https:\/\/www.actualidadadiario.com\/index.php\/wp-json\/wp\/v2\/comments?post=104239"}],"version-history":[{"count":1,"href":"https:\/\/www.actualidadadiario.com\/index.php\/wp-json\/wp\/v2\/posts\/104239\/revisions"}],"predecessor-version":[{"id":104240,"href":"https:\/\/www.actualidadadiario.com\/index.php\/wp-json\/wp\/v2\/posts\/104239\/revisions\/104240"}],"wp:featuredmedia":[{"embeddable":true,"href":"https:\/\/www.actualidadadiario.com\/index.php\/wp-json\/wp\/v2\/media\/81146"}],"wp:attachment":[{"href":"https:\/\/www.actualidadadiario.com\/index.php\/wp-json\/wp\/v2\/media?parent=104239"}],"wp:term":[{"taxonomy":"category","embeddable":true,"href":"https:\/\/www.actualidadadiario.com\/index.php\/wp-json\/wp\/v2\/categories?post=104239"},{"taxonomy":"post_tag","embeddable":true,"href":"https:\/\/www.actualidadadiario.com\/index.php\/wp-json\/wp\/v2\/tags?post=104239"}],"curies":[{"name":"wp","href":"https:\/\/api.w.org\/{rel}","templated":true}]}}