{"id":104237,"date":"2023-07-05T12:51:27","date_gmt":"2023-07-05T15:51:27","guid":{"rendered":"https:\/\/www.actualidadadiario.com\/?p=104237"},"modified":"2023-07-05T12:51:27","modified_gmt":"2023-07-05T15:51:27","slug":"que-provincias-estan-hoy-bajo-alerta-meteorologica-lluvias-granizo-nieve-y-viento","status":"publish","type":"post","link":"https:\/\/www.actualidadadiario.com\/index.php\/2023\/07\/05\/que-provincias-estan-hoy-bajo-alerta-meteorologica-lluvias-granizo-nieve-y-viento\/","title":{"rendered":"Qu\u00e9 provincias est\u00e1n hoy bajo alerta meteorol\u00f3gica: lluvias, granizo, nieve y viento"},"content":{"rendered":"<p style=\"text-align: center;\"><em><strong>Otra vez habr\u00e1 lluvias en algunas zonas del pa\u00eds. El mi\u00e9rcoles comenz\u00f3 con una alerta amarilla en la provincia de Buenos Aires<\/strong><\/em><\/p>\n<p>&nbsp;<\/p>\n<p>&nbsp;<\/p>\n<p>El Servicio Meteorol\u00f3gico Nacional (SMN) emiti\u00f3 alertas por lluvias fuertes, con posible ca\u00edda de granizo, para zona de la Ciudad de Buenos Aires y el conurbano bonaerense.<\/p>\n<p>En principio, la alerta abarcar\u00e1 los extremos del d\u00eda de hoy: est\u00e1 vigente desde la noche del martes y se mantendr\u00e1 durante la madrugada y otra vez dir\u00e1 presente llegando a la medianoche de este mi\u00e9rcoles 5 de julio de 2023.<\/p>\n<p>&nbsp;<\/p>\n<p><strong>Alerta por nieve en 3 provincias<\/strong><\/p>\n<p>En tanto, el SMN emiti\u00f3 partes por alerta amarilla para este mi\u00e9rcoles en las provincias de Chubut, R\u00edo Negro y Neuqu\u00e9n.<\/p>\n<p>&#8220;El \u00e1rea ser\u00e1 afectada por nevadas persistentes y de variada intensidad, algunas localmente fuertes. Se esperan valores de nieve acumulada entre 15 y 30 cm, pudiendo ser superados en forma puntual. En zonas de menor altitud, las precipitaciones podr\u00edan ser en forma de lluvia o mezcla de lluvia y nieve&#8221;, indica el informe del SMN<\/p>\n<p>&nbsp;<\/p>\n<p><strong>Recomendaciones por nieve del SMN<\/strong><\/p>\n<p>1- Evit\u00e1 actividades al aire libre.<\/p>\n<p>2- Retir\u00e1 peri\u00f3dicamente la nieve acumulada en los techos.<\/p>\n<p>3- Circul\u00e1 con veh\u00edculos adecuados y preparados para hielo y nieve.<\/p>\n<p>4- Ventil\u00e1 veh\u00edculos y viviendas para evitar acumulaci\u00f3n de mon\u00f3xido de carbono.<\/p>\n<p>5- Informate por las autoridades. Ten\u00e9 siempre lista una mochila de emergencias con linterna, radio, documentos y tel\u00e9fono.<\/p>\n","protected":false},"excerpt":{"rendered":"<p>Otra vez habr\u00e1 lluvias en algunas zonas del pa\u00eds. El mi\u00e9rcoles comenz\u00f3 con una alerta amarilla en la provincia de Buenos Aires &nbsp; &nbsp; El Servicio Meteorol\u00f3gico Nacional (SMN) emiti\u00f3 alertas por lluvias fuertes, con posible ca\u00edda de granizo, para zona de la Ciudad de Buenos Aires y el conurbano bonaerense. En principio, la alerta abarcar\u00e1 los extremos del d\u00eda de hoy: est\u00e1 vigente desde la noche del martes y se mantendr\u00e1 durante la madrugada y otra vez dir\u00e1 presente llegando a la medianoche de este mi\u00e9rcoles 5 de julio&#8230;<\/p>\n","protected":false},"author":3,"featured_media":61705,"comment_status":"closed","ping_status":"closed","sticky":false,"template":"","format":"standard","meta":[],"categories":[2],"tags":[],"_links":{"self":[{"href":"https:\/\/www.actualidadadiario.com\/index.php\/wp-json\/wp\/v2\/posts\/104237"}],"collection":[{"href":"https:\/\/www.actualidadadiario.com\/index.php\/wp-json\/wp\/v2\/posts"}],"about":[{"href":"https:\/\/www.actualidadadiario.com\/index.php\/wp-json\/wp\/v2\/types\/post"}],"author":[{"embeddable":true,"href":"https:\/\/www.actualidadadiario.com\/index.php\/wp-json\/wp\/v2\/users\/3"}],"replies":[{"embeddable":true,"href":"https:\/\/www.actualidadadiario.com\/index.php\/wp-json\/wp\/v2\/comments?post=104237"}],"version-history":[{"count":1,"href":"https:\/\/www.actualidadadiario.com\/index.php\/wp-json\/wp\/v2\/posts\/104237\/revisions"}],"predecessor-version":[{"id":104238,"href":"https:\/\/www.actualidadadiario.com\/index.php\/wp-json\/wp\/v2\/posts\/104237\/revisions\/104238"}],"wp:featuredmedia":[{"embeddable":true,"href":"https:\/\/www.actualidadadiario.com\/index.php\/wp-json\/wp\/v2\/media\/61705"}],"wp:attachment":[{"href":"https:\/\/www.actualidadadiario.com\/index.php\/wp-json\/wp\/v2\/media?parent=104237"}],"wp:term":[{"taxonomy":"category","embeddable":true,"href":"https:\/\/www.actualidadadiario.com\/index.php\/wp-json\/wp\/v2\/categories?post=104237"},{"taxonomy":"post_tag","embeddable":true,"href":"https:\/\/www.actualidadadiario.com\/index.php\/wp-json\/wp\/v2\/tags?post=104237"}],"curies":[{"name":"wp","href":"https:\/\/api.w.org\/{rel}","templated":true}]}}