{"id":104224,"date":"2023-07-04T14:41:18","date_gmt":"2023-07-04T17:41:18","guid":{"rendered":"https:\/\/www.actualidadadiario.com\/?p=104224"},"modified":"2023-07-04T14:41:18","modified_gmt":"2023-07-04T17:41:18","slug":"alberto-fernandez-le-respondio-a-lacalle-pou-y-a-abdo-benitez-tras-sus-criticas-a-maduro","status":"publish","type":"post","link":"https:\/\/www.actualidadadiario.com\/index.php\/2023\/07\/04\/alberto-fernandez-le-respondio-a-lacalle-pou-y-a-abdo-benitez-tras-sus-criticas-a-maduro\/","title":{"rendered":"Alberto Fern\u00e1ndez le respondi\u00f3 a Lacalle Pou y a Abdo Ben\u00edtez tras sus cr\u00edticas a Maduro"},"content":{"rendered":"<p style=\"text-align: center;\"><em><strong>En el marco de la Cumbre del Mercosur, el Presidente le contest\u00f3 a sus pares de Uruguay y Paraguay y los invit\u00f3 a sumarse a la mesa de di\u00e1logo entre la oposici\u00f3n y el oficialismo venezolano. &#8220;Ser\u00eda auspicioso que se sumen todos los que desaparecieron&#8221;, indic\u00f3<\/strong><\/em><\/p>\n<p>&nbsp;<\/p>\n<p>&nbsp;<\/p>\n<p>El presidente Alberto Fern\u00e1ndez cuestion\u00f3 los bloqueos econ\u00f3micos a Venezuela y rechaz\u00f3 las cr\u00edticas emitidas por sus pares de Uruguay, Luis Lacalle Pou, y de Paraguay, Mario Abdo Benitez. &#8220;El problema de Venezuela lo deben resolver los venezolanos&#8221;, expres\u00f3 luego de que los mandatarios cuestionaran al gobierno de Nicol\u00e1s Maduro por la suspensi\u00f3n de Mar\u00eda Corina Machado como candidata presidencial.<\/p>\n<p>&#8220;El problema de Venezuela lo deben resolver los venezolanos y no los pa\u00eds meti\u00e9ndonos en sus problemas internos. La mejor forma de hacerlo es recuperando el di\u00e1logo entre los venezolanos que hoy padecen una situaci\u00f3n muy dif\u00edcil producto de esa sanci\u00f3n que han recibido y lastima al pueblo de Venezuela&#8221;, plante\u00f3 el Presidente en el marco de la Cumbre de jefes de Estado del Mercosur que se lleva adelante en Puerto Iguaz\u00fa, en la provincia de Misiones.<\/p>\n<p>En la misma l\u00ednea, y acompa\u00f1ado por el mandatario Luiz In\u00e1cio &#8220;Lula&#8221; da Silva, quien asumir\u00e1 a la presidencia Pro Tempore del bloque, subray\u00f3 que reivindica la idea del brasilero de evaluar la situaci\u00f3n desde una perspectiva &#8220;m\u00e1s profunda y amplia del conflicto en Venezuela&#8221;.<\/p>\n<p>Tras los cuestionamientos de Abdo Ben\u00edtez y Lacalle Pou, Alberto Fern\u00e1ndez destac\u00f3 la labor que protagoniz\u00f3 al impulsar la mesa de di\u00e1logo entre la oposici\u00f3n y el oficialismo venezolano e invit\u00f3 a sus socios del bloque a participar. &#8220;Quedamos M\u00e9xico, Colombia, Brasil y nosotros. Si realmente queremos ayudar a los Venezolanos sent\u00e9monos en esa mesa&#8221;, enfatiz\u00f3.<\/p>\n<p>Respecto a las cr\u00edticas por la situaci\u00f3n de Corina Machado, el jefe de Estado plante\u00f3 insisti\u00f3: &#8220;Ser\u00eda auspicioso que se sumen todos los que desaparecieron, si queremos ayudar sent\u00e9monos para que vuelvan a dialogar y para que recuperen la plenitud de sus derechos&#8221;.<\/p>\n<p>&#8220;Estas cosas las hice como presidente de la Argentina y no como presidente pro tempore del Mercosur&#8221;, remarc\u00f3 en una clara cr\u00edtica direccionada al mandatario uruguayo quien sostuvo que cuando ejerci\u00f3 la presidencia del espacio no tuvo respaldo.<\/p>\n<p>Para el mandatario, los exiliados venezolanos son consecuencia de las sanciones econ\u00f3micas.<\/p>\n<p>A su parte, Lula da Silva, en un tono m\u00e1s conciliador, se comprometi\u00f3 a llamar a Pedro S\u00e1nchez, quien asumi\u00f3 a la presidencia de la Uni\u00f3n Europea (UE) para avanzar en el acuerdo con el Mercosur. Adem\u00e1s, asegur\u00f3 desconocer los detalles de la candidata venezolana y celebr\u00f3 el debate entre los pa\u00edses socios aunque reclam\u00f3 &#8220;no hay que dejar a nadie de lado&#8221;.<\/p>\n<p>En la previa a asumir a la presidencia Pro Tempore del Mercosur, da Silva revel\u00f3 que tras su visita al Papa Francisco se comprometi\u00f3 en hablar con el nicarag\u00fcense Daniel Ortega para dialogar sobre la Iglesia, luego de que el jefe de Estado tildara de mafiosa a la instituci\u00f3n.<\/p>\n<p>Al t\u00e9rmino, ambos Lula da Silva y Alberto Fern\u00e1ndez participaron de la foto de familia que tuvo el Cataratas de Iguaz\u00fa de fondo.<\/p>\n","protected":false},"excerpt":{"rendered":"<p>En el marco de la Cumbre del Mercosur, el Presidente le contest\u00f3 a sus pares de Uruguay y Paraguay y los invit\u00f3 a sumarse a la mesa de di\u00e1logo entre la oposici\u00f3n y el oficialismo venezolano. &#8220;Ser\u00eda auspicioso que se sumen todos los que desaparecieron&#8221;, indic\u00f3 &nbsp; &nbsp; El presidente Alberto Fern\u00e1ndez cuestion\u00f3 los bloqueos econ\u00f3micos a Venezuela y rechaz\u00f3 las cr\u00edticas emitidas por sus pares de Uruguay, Luis Lacalle Pou, y de Paraguay, Mario Abdo Benitez. &#8220;El problema de Venezuela lo deben resolver los venezolanos&#8221;, expres\u00f3 luego de que&#8230;<\/p>\n","protected":false},"author":3,"featured_media":104225,"comment_status":"closed","ping_status":"closed","sticky":false,"template":"","format":"standard","meta":[],"categories":[18],"tags":[],"_links":{"self":[{"href":"https:\/\/www.actualidadadiario.com\/index.php\/wp-json\/wp\/v2\/posts\/104224"}],"collection":[{"href":"https:\/\/www.actualidadadiario.com\/index.php\/wp-json\/wp\/v2\/posts"}],"about":[{"href":"https:\/\/www.actualidadadiario.com\/index.php\/wp-json\/wp\/v2\/types\/post"}],"author":[{"embeddable":true,"href":"https:\/\/www.actualidadadiario.com\/index.php\/wp-json\/wp\/v2\/users\/3"}],"replies":[{"embeddable":true,"href":"https:\/\/www.actualidadadiario.com\/index.php\/wp-json\/wp\/v2\/comments?post=104224"}],"version-history":[{"count":1,"href":"https:\/\/www.actualidadadiario.com\/index.php\/wp-json\/wp\/v2\/posts\/104224\/revisions"}],"predecessor-version":[{"id":104226,"href":"https:\/\/www.actualidadadiario.com\/index.php\/wp-json\/wp\/v2\/posts\/104224\/revisions\/104226"}],"wp:featuredmedia":[{"embeddable":true,"href":"https:\/\/www.actualidadadiario.com\/index.php\/wp-json\/wp\/v2\/media\/104225"}],"wp:attachment":[{"href":"https:\/\/www.actualidadadiario.com\/index.php\/wp-json\/wp\/v2\/media?parent=104224"}],"wp:term":[{"taxonomy":"category","embeddable":true,"href":"https:\/\/www.actualidadadiario.com\/index.php\/wp-json\/wp\/v2\/categories?post=104224"},{"taxonomy":"post_tag","embeddable":true,"href":"https:\/\/www.actualidadadiario.com\/index.php\/wp-json\/wp\/v2\/tags?post=104224"}],"curies":[{"name":"wp","href":"https:\/\/api.w.org\/{rel}","templated":true}]}}