{"id":104221,"date":"2023-07-04T14:40:25","date_gmt":"2023-07-04T17:40:25","guid":{"rendered":"https:\/\/www.actualidadadiario.com\/?p=104221"},"modified":"2023-07-04T14:40:25","modified_gmt":"2023-07-04T17:40:25","slug":"massa-se-reunio-con-lula-quien-lo-invito-a-viajar-a-brasil-como-precandidato-presidencial","status":"publish","type":"post","link":"https:\/\/www.actualidadadiario.com\/index.php\/2023\/07\/04\/massa-se-reunio-con-lula-quien-lo-invito-a-viajar-a-brasil-como-precandidato-presidencial\/","title":{"rendered":"Massa se reuni\u00f3 con Lula, quien lo invit\u00f3 a viajar a Brasil como precandidato presidencial"},"content":{"rendered":"<p style=\"text-align: center;\"><em><strong>El precandidato presidencial de Uni\u00f3n por la Patria sum\u00f3 al canciller, Santiago Cafiero, al encuentro en Puerto Iguaz\u00fa<\/strong><\/em><\/p>\n<p>&nbsp;<\/p>\n<p>&nbsp;<\/p>\n<p>El precandidato presidencial de Uni\u00f3n por la Patria Sergio Massa se reuni\u00f3 con el mandatario brasile\u00f1o, Luiz In\u00e1cio Lula Da Silva.<\/p>\n<p>El encuentro se dio antes de la Cumbre de Jefes de Estado del Mercosur que se lleva a cabo en la ciudad misionera de Puerto Iguaz\u00fa.<\/p>\n<p>La charla dur\u00f3 alrededor de 30 minutos y cont\u00f3 con la participaci\u00f3n del canciller, Santiago Cafiero.<\/p>\n<p>En ese marco, Lula invit\u00f3 a Massa a visitar Brasil como precandidato presidencial y hablaron sobre el acuerdo para que el Banco Nacional de Desarrollo Econ\u00f3mico y Social (BNDES) financie a las empresas que participan en la construcci\u00f3n del Gasoducto N\u00e9stor Kirchner.<\/p>\n<p>Adem\u00e1s de la reuni\u00f3n con el jefe del Palacio del Planalto, el l\u00edder del Frente Renovador tambi\u00e9n mantuvo encuentros con el presidente de Uruguay, Luis Lacalle Pou; y con el mandatario electo de Paraguay, Santiago Pe\u00f1a, con quien dialog\u00f3 sobre los proyectos de Yacyret\u00e1, la Hidrov\u00eda y el Proyecto hidroel\u00e9ctrico Corpus Christi.<\/p>\n<p>El futuro titular del Ejecutivo guaran\u00ed invit\u00f3 a Massa a mantener una jornada de trabajo en la ciudad de Asunci\u00f3n la semana pr\u00f3xima.<\/p>\n","protected":false},"excerpt":{"rendered":"<p>El precandidato presidencial de Uni\u00f3n por la Patria sum\u00f3 al canciller, Santiago Cafiero, al encuentro en Puerto Iguaz\u00fa &nbsp; &nbsp; El precandidato presidencial de Uni\u00f3n por la Patria Sergio Massa se reuni\u00f3 con el mandatario brasile\u00f1o, Luiz In\u00e1cio Lula Da Silva. El encuentro se dio antes de la Cumbre de Jefes de Estado del Mercosur que se lleva a cabo en la ciudad misionera de Puerto Iguaz\u00fa. La charla dur\u00f3 alrededor de 30 minutos y cont\u00f3 con la participaci\u00f3n del canciller, Santiago Cafiero. En ese marco, Lula invit\u00f3 a Massa&#8230;<\/p>\n","protected":false},"author":3,"featured_media":104222,"comment_status":"closed","ping_status":"closed","sticky":false,"template":"","format":"standard","meta":[],"categories":[18],"tags":[],"_links":{"self":[{"href":"https:\/\/www.actualidadadiario.com\/index.php\/wp-json\/wp\/v2\/posts\/104221"}],"collection":[{"href":"https:\/\/www.actualidadadiario.com\/index.php\/wp-json\/wp\/v2\/posts"}],"about":[{"href":"https:\/\/www.actualidadadiario.com\/index.php\/wp-json\/wp\/v2\/types\/post"}],"author":[{"embeddable":true,"href":"https:\/\/www.actualidadadiario.com\/index.php\/wp-json\/wp\/v2\/users\/3"}],"replies":[{"embeddable":true,"href":"https:\/\/www.actualidadadiario.com\/index.php\/wp-json\/wp\/v2\/comments?post=104221"}],"version-history":[{"count":1,"href":"https:\/\/www.actualidadadiario.com\/index.php\/wp-json\/wp\/v2\/posts\/104221\/revisions"}],"predecessor-version":[{"id":104223,"href":"https:\/\/www.actualidadadiario.com\/index.php\/wp-json\/wp\/v2\/posts\/104221\/revisions\/104223"}],"wp:featuredmedia":[{"embeddable":true,"href":"https:\/\/www.actualidadadiario.com\/index.php\/wp-json\/wp\/v2\/media\/104222"}],"wp:attachment":[{"href":"https:\/\/www.actualidadadiario.com\/index.php\/wp-json\/wp\/v2\/media?parent=104221"}],"wp:term":[{"taxonomy":"category","embeddable":true,"href":"https:\/\/www.actualidadadiario.com\/index.php\/wp-json\/wp\/v2\/categories?post=104221"},{"taxonomy":"post_tag","embeddable":true,"href":"https:\/\/www.actualidadadiario.com\/index.php\/wp-json\/wp\/v2\/tags?post=104221"}],"curies":[{"name":"wp","href":"https:\/\/api.w.org\/{rel}","templated":true}]}}