{"id":104218,"date":"2023-07-04T14:39:30","date_gmt":"2023-07-04T17:39:30","guid":{"rendered":"https:\/\/www.actualidadadiario.com\/?p=104218"},"modified":"2023-07-04T14:39:30","modified_gmt":"2023-07-04T17:39:30","slug":"la-justicia-electoral-oficializo-27-formulas-para-presidente-y-vice-para-las-paso","status":"publish","type":"post","link":"https:\/\/www.actualidadadiario.com\/index.php\/2023\/07\/04\/la-justicia-electoral-oficializo-27-formulas-para-presidente-y-vice-para-las-paso\/","title":{"rendered":"La Justicia Electoral oficializ\u00f3 27 f\u00f3rmulas para presidente y vice para las PASO"},"content":{"rendered":"<p style=\"text-align: center;\"><em><strong>En comparaci\u00f3n con las f\u00f3rmulas de 2015, en estas elecciones generales se inscribieron 13 m\u00e1s, aun cuando todas ellas deber\u00e1n superar el piso del 1,5% de los votos v\u00e1lidos en las primarias para acceder a las elecciones generales del 22 de octubre<\/strong><\/em><\/p>\n<p>&nbsp;<\/p>\n<p>&nbsp;<\/p>\n<p>La Justicia Electoral nacional oficializ\u00f3 un total de 27 f\u00f3rmulas presidenciales pertenecientes a 15 alianzas y partidos pol\u00edticos para que participen de las primarias abiertas, simult\u00e1neas y obligatorias (PASO) del pr\u00f3ximo 13 de agosto.<\/p>\n<p>El s\u00e1bado pasado se cumpli\u00f3 el plazo para presentar ante las juntas partidarias las listas que competir\u00e1n en las primarias, y luego fueron enviadas a los juzgados con competencia electoral para que certificaran su legalidad.<\/p>\n<p>El filtro final para las f\u00f3rmulas fue la Secretar\u00eda Electoral que conduce Mart\u00edn Segu\u00ed, bajo la \u00f3rbita del Juzgado Federal 1 de Mar\u00eda Servini.<\/p>\n<p>En comparaci\u00f3n con las f\u00f3rmulas de 2015, en estas elecciones generales se inscribieron 13 m\u00e1s, aun cuando todas ellas deber\u00e1n superar el piso del 1,5% de los votos v\u00e1lidos en las primarias para acceder a las elecciones generales del 22 de octubre.<\/p>\n<p>Las 15 alianzas oficializadas por la justicia, de las cuales 7 tendr\u00e1n competencia interna, son: Uni\u00f3n por la Patria, Juntos por el Cambio, Hacemos por nuestro pa\u00eds, La Libertad Avanza, Frente LiberAr, Uced\u00e9, Frente de Izquierda de los Trabajadores Unidad, Movimiento al Socialismo, Libres del Sur, Pol\u00edtica Obrera, Proyecto Joven, Alianza Principios y Valores-Por Tierra Techo y Trabajo, Movimiento de Acci\u00f3n Vecinal, Movimiento Izquierda Juventud Dignidad y Frente Patriota Federal.<\/p>\n<p>En cuanto a las f\u00f3rmulas y las internas, el oficialismo logr\u00f3 conformar una lista de unidad nacional bajo el nombre de Uni\u00f3n por la Patria (UxP), encabezada por el ministro de Econom\u00eda, Sergio Massa, y con el jefe de Gabinete, Agust\u00edn Rossi como compa\u00f1ero de f\u00f3rmula.<\/p>\n<p>A la propuesta del oficialismo se sum\u00f3 el dirigente social Juan Grabois, acompa\u00f1ado la soci\u00f3loga Paula Abal Medina en la categor\u00eda de vice.<\/p>\n<p>En Juntos por el Cambio (JxC), competir\u00e1n Horacio Rodr\u00edguez Larreta y Gerardo Morales en una interna contra Patricia Bullrich y Luis Petri, en la disputa que aparece como m\u00e1s competitiva en estas PASO.<\/p>\n<p>La Libertad Avanza, que propone a Javier Milei y Victoria Villaruel, y el peronismo no kirchnerista, representado por Juan Schiaretti y Florencio Randazzo, no tendr\u00e1n internas en las primarias del 13 de agosto.<\/p>\n<p>En cambio, la izquierda presentar\u00e1 cuatro f\u00f3rmulas, dos en el Frente de Izquierda Unidad y otras dos en el Movimiento al Socialismo y Pol\u00edtica Obrera, respectivamente; mientras que Libres del Sur ir\u00e1 con lista \u00fanica.<\/p>\n<p>El exsecretario de Comercio Interior Guillermo Moreno har\u00e1 dupla con Leonardo Fabre, para competir por el partido Principios y Valores, en alianza con el movimiento Tierra, Techo y Trabajo del dirigente social Luis D\u2019El\u00eda.<\/p>\n<p>Tambi\u00e9n en el espectro del peronismo competir\u00e1 el exfuncionario del menemismo y del kirchnerismo Julio B\u00e1rbaro en la lista Anticorrupci\u00f3n que lo propone como presidente y a Ramona Pucheta como vice.<\/p>\n<p>Otro veterano de la pol\u00edtica que se presenta en estas PASO es el expiquetero Ra\u00fal Castells, acompa\u00f1ado por Adriana Reinoso, en la lista \u201cDignidad\u201d, que disputar\u00e1 un lugar en la primera vuelta con la otra propuesta del Movimiento Izquierda Juventud Dignidad, la lista \u201cConfederal\u201d del conductor televisivo Santiago C\u00faneo.<\/p>\n","protected":false},"excerpt":{"rendered":"<p>En comparaci\u00f3n con las f\u00f3rmulas de 2015, en estas elecciones generales se inscribieron 13 m\u00e1s, aun cuando todas ellas deber\u00e1n superar el piso del 1,5% de los votos v\u00e1lidos en las primarias para acceder a las elecciones generales del 22 de octubre &nbsp; &nbsp; La Justicia Electoral nacional oficializ\u00f3 un total de 27 f\u00f3rmulas presidenciales pertenecientes a 15 alianzas y partidos pol\u00edticos para que participen de las primarias abiertas, simult\u00e1neas y obligatorias (PASO) del pr\u00f3ximo 13 de agosto. El s\u00e1bado pasado se cumpli\u00f3 el plazo para presentar ante las juntas&#8230;<\/p>\n","protected":false},"author":3,"featured_media":104219,"comment_status":"closed","ping_status":"closed","sticky":false,"template":"","format":"standard","meta":[],"categories":[18],"tags":[],"_links":{"self":[{"href":"https:\/\/www.actualidadadiario.com\/index.php\/wp-json\/wp\/v2\/posts\/104218"}],"collection":[{"href":"https:\/\/www.actualidadadiario.com\/index.php\/wp-json\/wp\/v2\/posts"}],"about":[{"href":"https:\/\/www.actualidadadiario.com\/index.php\/wp-json\/wp\/v2\/types\/post"}],"author":[{"embeddable":true,"href":"https:\/\/www.actualidadadiario.com\/index.php\/wp-json\/wp\/v2\/users\/3"}],"replies":[{"embeddable":true,"href":"https:\/\/www.actualidadadiario.com\/index.php\/wp-json\/wp\/v2\/comments?post=104218"}],"version-history":[{"count":1,"href":"https:\/\/www.actualidadadiario.com\/index.php\/wp-json\/wp\/v2\/posts\/104218\/revisions"}],"predecessor-version":[{"id":104220,"href":"https:\/\/www.actualidadadiario.com\/index.php\/wp-json\/wp\/v2\/posts\/104218\/revisions\/104220"}],"wp:featuredmedia":[{"embeddable":true,"href":"https:\/\/www.actualidadadiario.com\/index.php\/wp-json\/wp\/v2\/media\/104219"}],"wp:attachment":[{"href":"https:\/\/www.actualidadadiario.com\/index.php\/wp-json\/wp\/v2\/media?parent=104218"}],"wp:term":[{"taxonomy":"category","embeddable":true,"href":"https:\/\/www.actualidadadiario.com\/index.php\/wp-json\/wp\/v2\/categories?post=104218"},{"taxonomy":"post_tag","embeddable":true,"href":"https:\/\/www.actualidadadiario.com\/index.php\/wp-json\/wp\/v2\/tags?post=104218"}],"curies":[{"name":"wp","href":"https:\/\/api.w.org\/{rel}","templated":true}]}}