{"id":104210,"date":"2023-07-04T14:03:24","date_gmt":"2023-07-04T17:03:24","guid":{"rendered":"https:\/\/www.actualidadadiario.com\/?p=104210"},"modified":"2023-07-04T14:03:24","modified_gmt":"2023-07-04T17:03:24","slug":"los-talibanes-ordenaron-cerrar-los-salones-de-belleza-en-afganistan","status":"publish","type":"post","link":"https:\/\/www.actualidadadiario.com\/index.php\/2023\/07\/04\/los-talibanes-ordenaron-cerrar-los-salones-de-belleza-en-afganistan\/","title":{"rendered":"Los talibanes ordenaron cerrar los salones de belleza en Afganist\u00e1n"},"content":{"rendered":"<p style=\"text-align: center;\"><em><strong>El Ministerio de Moralidad avanz\u00f3 nuevamente en la reducci\u00f3n del acceso de las mujeres de la naci\u00f3n asi\u00e1tica a lugares p\u00fablicos<\/strong><\/em><\/p>\n<p>&nbsp;<\/p>\n<p>&nbsp;<\/p>\n<p>La administraci\u00f3n talib\u00e1n de Afganist\u00e1n orden\u00f3 el cierre de los salones de belleza en el plazo de un mes, seg\u00fan inform\u00f3 el Ministerio de Moralidad, en la \u00faltima reducci\u00f3n del acceso de las mujeres afganas a los lugares p\u00fablicos.<\/p>\n<p>&#8220;El plazo para el cierre de los salones de belleza para mujeres es de un mes&#8221;, declar\u00f3 el martes Mohammad Sadiq Akif, portavoz del Ministerio de Prevenci\u00f3n del Vicio y Propagaci\u00f3n de la Virtud, refiri\u00e9ndose a un anuncio del ministerio.<\/p>\n<p>Gobiernos extranjeros y altos cargos de la ONU han condenado las crecientes restricciones impuestas a las mujeres desde que los talibanes volvieron al poder en 2021, tras derrotar a un Gobierno respaldado por Estados Unidos, al retirarse las fuerzas extranjeras.<\/p>\n<p>El a\u00f1o pasado, las autoridades cerraron la mayor\u00eda de los institutos femeninos, prohibieron el acceso de las mujeres a la universidad e impidieron trabajar a muchas cooperantes afganas. Muchos lugares p\u00fablicos, como ba\u00f1os, gimnasios y parques, han sido cerrados a las mujeres.<\/p>\n<p>Los salones de belleza surgieron en Kabul y otras ciudades afganas en los meses posteriores a la expulsi\u00f3n de los talibanes del poder a finales de 2001, semanas despu\u00e9s de los atentados del 11 de septiembre en Estados Unidos.<\/p>\n<p>Muchos permanecieron abiertos tras la vuelta de los islamistas al poder hace dos a\u00f1os, pero con sus letreros y escaparates tapados, proporcionando a algunas mujeres trabajo y a sus clientes sus servicios.<\/p>\n<p>Gobiernos occidentales y organizaciones internacionales han se\u00f1alado que las restricciones impuestas a las mujeres obstaculizan cualquier posible avance hacia el reconocimiento internacional de la administraci\u00f3n talib\u00e1n.<\/p>\n<p>El Gobierno talib\u00e1n afirma que respeta los derechos de las mujeres de acuerdo con su interpretaci\u00f3n de la ley isl\u00e1mica y las costumbres afganas.<\/p>\n","protected":false},"excerpt":{"rendered":"<p>El Ministerio de Moralidad avanz\u00f3 nuevamente en la reducci\u00f3n del acceso de las mujeres de la naci\u00f3n asi\u00e1tica a lugares p\u00fablicos &nbsp; &nbsp; La administraci\u00f3n talib\u00e1n de Afganist\u00e1n orden\u00f3 el cierre de los salones de belleza en el plazo de un mes, seg\u00fan inform\u00f3 el Ministerio de Moralidad, en la \u00faltima reducci\u00f3n del acceso de las mujeres afganas a los lugares p\u00fablicos. &#8220;El plazo para el cierre de los salones de belleza para mujeres es de un mes&#8221;, declar\u00f3 el martes Mohammad Sadiq Akif, portavoz del Ministerio de Prevenci\u00f3n del&#8230;<\/p>\n","protected":false},"author":3,"featured_media":104211,"comment_status":"closed","ping_status":"closed","sticky":false,"template":"","format":"standard","meta":[],"categories":[4],"tags":[],"_links":{"self":[{"href":"https:\/\/www.actualidadadiario.com\/index.php\/wp-json\/wp\/v2\/posts\/104210"}],"collection":[{"href":"https:\/\/www.actualidadadiario.com\/index.php\/wp-json\/wp\/v2\/posts"}],"about":[{"href":"https:\/\/www.actualidadadiario.com\/index.php\/wp-json\/wp\/v2\/types\/post"}],"author":[{"embeddable":true,"href":"https:\/\/www.actualidadadiario.com\/index.php\/wp-json\/wp\/v2\/users\/3"}],"replies":[{"embeddable":true,"href":"https:\/\/www.actualidadadiario.com\/index.php\/wp-json\/wp\/v2\/comments?post=104210"}],"version-history":[{"count":1,"href":"https:\/\/www.actualidadadiario.com\/index.php\/wp-json\/wp\/v2\/posts\/104210\/revisions"}],"predecessor-version":[{"id":104212,"href":"https:\/\/www.actualidadadiario.com\/index.php\/wp-json\/wp\/v2\/posts\/104210\/revisions\/104212"}],"wp:featuredmedia":[{"embeddable":true,"href":"https:\/\/www.actualidadadiario.com\/index.php\/wp-json\/wp\/v2\/media\/104211"}],"wp:attachment":[{"href":"https:\/\/www.actualidadadiario.com\/index.php\/wp-json\/wp\/v2\/media?parent=104210"}],"wp:term":[{"taxonomy":"category","embeddable":true,"href":"https:\/\/www.actualidadadiario.com\/index.php\/wp-json\/wp\/v2\/categories?post=104210"},{"taxonomy":"post_tag","embeddable":true,"href":"https:\/\/www.actualidadadiario.com\/index.php\/wp-json\/wp\/v2\/tags?post=104210"}],"curies":[{"name":"wp","href":"https:\/\/api.w.org\/{rel}","templated":true}]}}