{"id":104207,"date":"2023-07-04T14:02:30","date_gmt":"2023-07-04T17:02:30","guid":{"rendered":"https:\/\/www.actualidadadiario.com\/?p=104207"},"modified":"2023-07-04T14:02:30","modified_gmt":"2023-07-04T17:02:30","slug":"arde-francia-grupos-de-extrema-derecha-se-enfrentan-a-los-manifestantes","status":"publish","type":"post","link":"https:\/\/www.actualidadadiario.com\/index.php\/2023\/07\/04\/arde-francia-grupos-de-extrema-derecha-se-enfrentan-a-los-manifestantes\/","title":{"rendered":"Arde Francia: grupos de extrema derecha se enfrentan a los manifestantes"},"content":{"rendered":"<p style=\"text-align: center;\"><em><strong>Si bien el Gobierno de Macron insiste en que las protestas han disminuido, los incendios y explosiones registrados en la sexta noche de protestas, lo contradicen<\/strong><\/em><\/p>\n<p>&nbsp;<\/p>\n<p>&nbsp;<\/p>\n<p>Los franceses no abandonaron las calles en la sexta jornada de protestas consecutiva por el asesinato de Nahel Marzouk, de 17 a\u00f1os, a manos de la polic\u00eda francesa, asistiendo a las manifestaciones en todo el pa\u00eds.<\/p>\n<p>Los indignados prendieron fuego a un autom\u00f3vil en la zona de Fontaine d\u2019Ouche, en la ciudad oriental de Dijon.<\/p>\n<p>Adem\u00e1s, ocurri\u00f3 una gran explosi\u00f3n en una de las \u00e1reas de la ciudad de Estrasburgo (noreste, en cercan\u00edas al Parlamento Europeo) y se produjo otro gran incendio cerca de la ciudad de Lyon (sureste).<\/p>\n<p>Las fuerzas policiales continuaron ampliamente desplegadas en las calles de Par\u00eds, la capital, desde la noche de domingo para restablecer la paz.<\/p>\n<p>Activistas de grupos de extrema derecha tomaron medidas contra los manifestantes y, marchando en \u00e1reas como las calles de Lyon, pretendieron ayudar a las fuerzas militares a restablecer la paz. Durante la marcha gritaron: \u201cAzul, blanco, rojo; \u00a1Francia para los franceses!\u201d.<\/p>\n<p>La Polic\u00eda y agentes antimotines han detenido a m\u00e1s de un millar de manifestantes durante las masivas protestas contra el racismo y la violencia policiales en Francia.<\/p>\n<p>El Gobierno intensific\u00f3 las medidas de seguridad y restringi\u00f3 el acceso a Internet en algunas zonas del pa\u00eds desde la \u00faltima hora del domingo, lo que provoc\u00f3 que los manifestantes en esas ciudades desconocieran las convocaciones y no salieran a las calles.<\/p>\n<p>El presidente Emmanuel Macron acus\u00f3 a los manifestantes de \u201cutilizar\u201d la muerte de Nahel y apunt\u00f3 contra las redes sociales para detener las protestas.<\/p>\n<p>Macron se reunir\u00e1 este martes con los alcaldes de las 220 poblaciones que m\u00e1s violencia han sufrido durante la \u00faltima semana.<\/p>\n<p>Fuentes del Ejecutivo recalcaron a la prensa que lo que se ve &#8220;no es una revuelta de los barrios&#8221;, sino &#8220;actos de delincuencia&#8221; y de &#8220;pillaje&#8221;.<\/p>\n<p>Los da\u00f1os a los transportes p\u00fablicos de la regi\u00f3n de Par\u00eds se eval\u00faan en el entorno de los 20 millones de euros, seg\u00fan la agencia regional de transportes.<\/p>\n<p>Las autoridades van a continuar con su despliegue, que incluye 7.000 agentes en la regi\u00f3n parisina, as\u00ed como unidades especiales y blindados en Marsella y Lyon.<\/p>\n<p>Anoche tambi\u00e9n se suspendi\u00f3 el servicio de autobuses y tranv\u00edas a partir de las 21.00 hora local (19.00 GMT) en Par\u00eds, y su regiones circundantes, para evitar que los veh\u00edculos puedan ser incendiados.<\/p>\n<p>&nbsp;<\/p>\n<p><strong>Repercusiones en otros pa\u00edses<\/strong><\/p>\n<p>Algunos medios franceses se hacen eco de medios extranjeros que sit\u00faan a Francia al borde de la guerra civil. El pa\u00eds se muestra incapaz de frenar el vandalismo y el pillaje.<\/p>\n<p>&#8220;Cuando el comentario viene de Argelia, que tiene el descaro de recordar a Francia su deber de proteger a sus nacionales, nos indignamos -dice &#8220;Le Figaro&#8221;, pero cuando viene de Estados Unidos o Europa, nos sentimos humillados. Como si el mundo se burlara de nuestra degradaci\u00f3n, de nuestra desintegraci\u00f3n, de nuestro naufragio&#8221;.<\/p>\n<p>El presidente turco, el islamista conservador Recep Tayyip Erdogan, asegur\u00f3 que los actuales disturbios en Francia se deben al &#8220;pasado colonial&#8221; y a la &#8220;arrogante cultura del racismo&#8221; en ese pa\u00eds. El mandatario relacion\u00f3 la violencia entre manifestantes, en su mayor\u00eda de origen magreb\u00ed, y la polic\u00eda francesa a la &#8220;mentalidad colonial, arrogante e inhumana basada en la superioridad del hombre blanco&#8221;.<\/p>\n<p>&#8220;La mayor\u00eda de los inmigrantes sistem\u00e1ticamente oprimidos y condenados a vivir en barrios marginales y guetos son musulmanes&#8221;, indic\u00f3 Erdogan. &#8220;Tambi\u00e9n nos preocupa que estos incidentes provoquen una nueva ola de opresi\u00f3n contra los musulmanes y los inmigrantes. Los turcos han pagado el precio m\u00e1s alto de la islamofobia&#8221;, agreg\u00f3 el l\u00edder turco.<\/p>\n","protected":false},"excerpt":{"rendered":"<p>Si bien el Gobierno de Macron insiste en que las protestas han disminuido, los incendios y explosiones registrados en la sexta noche de protestas, lo contradicen &nbsp; &nbsp; Los franceses no abandonaron las calles en la sexta jornada de protestas consecutiva por el asesinato de Nahel Marzouk, de 17 a\u00f1os, a manos de la polic\u00eda francesa, asistiendo a las manifestaciones en todo el pa\u00eds. Los indignados prendieron fuego a un autom\u00f3vil en la zona de Fontaine d\u2019Ouche, en la ciudad oriental de Dijon. Adem\u00e1s, ocurri\u00f3 una gran explosi\u00f3n en una&#8230;<\/p>\n","protected":false},"author":3,"featured_media":104208,"comment_status":"closed","ping_status":"closed","sticky":false,"template":"","format":"standard","meta":[],"categories":[4],"tags":[],"_links":{"self":[{"href":"https:\/\/www.actualidadadiario.com\/index.php\/wp-json\/wp\/v2\/posts\/104207"}],"collection":[{"href":"https:\/\/www.actualidadadiario.com\/index.php\/wp-json\/wp\/v2\/posts"}],"about":[{"href":"https:\/\/www.actualidadadiario.com\/index.php\/wp-json\/wp\/v2\/types\/post"}],"author":[{"embeddable":true,"href":"https:\/\/www.actualidadadiario.com\/index.php\/wp-json\/wp\/v2\/users\/3"}],"replies":[{"embeddable":true,"href":"https:\/\/www.actualidadadiario.com\/index.php\/wp-json\/wp\/v2\/comments?post=104207"}],"version-history":[{"count":1,"href":"https:\/\/www.actualidadadiario.com\/index.php\/wp-json\/wp\/v2\/posts\/104207\/revisions"}],"predecessor-version":[{"id":104209,"href":"https:\/\/www.actualidadadiario.com\/index.php\/wp-json\/wp\/v2\/posts\/104207\/revisions\/104209"}],"wp:featuredmedia":[{"embeddable":true,"href":"https:\/\/www.actualidadadiario.com\/index.php\/wp-json\/wp\/v2\/media\/104208"}],"wp:attachment":[{"href":"https:\/\/www.actualidadadiario.com\/index.php\/wp-json\/wp\/v2\/media?parent=104207"}],"wp:term":[{"taxonomy":"category","embeddable":true,"href":"https:\/\/www.actualidadadiario.com\/index.php\/wp-json\/wp\/v2\/categories?post=104207"},{"taxonomy":"post_tag","embeddable":true,"href":"https:\/\/www.actualidadadiario.com\/index.php\/wp-json\/wp\/v2\/tags?post=104207"}],"curies":[{"name":"wp","href":"https:\/\/api.w.org\/{rel}","templated":true}]}}