{"id":104204,"date":"2023-07-04T14:01:42","date_gmt":"2023-07-04T17:01:42","guid":{"rendered":"https:\/\/www.actualidadadiario.com\/?p=104204"},"modified":"2023-07-04T14:01:42","modified_gmt":"2023-07-04T17:01:42","slug":"por-la-sequia-montevideo-podria-quedarse-sin-agua-potable-en-los-proximos-diez-dias","status":"publish","type":"post","link":"https:\/\/www.actualidadadiario.com\/index.php\/2023\/07\/04\/por-la-sequia-montevideo-podria-quedarse-sin-agua-potable-en-los-proximos-diez-dias\/","title":{"rendered":"Por la sequ\u00eda, Montevideo podr\u00eda quedarse sin agua potable en los pr\u00f3ximos diez d\u00edas"},"content":{"rendered":"<p style=\"text-align: center;\"><em><strong>El gobierno de Luis Lacalle Pou oficializ\u00f3 medidas paliativas ya que no hay pron\u00f3stico de lluvia para los pr\u00f3ximos d\u00edas<\/strong><\/em><\/p>\n<p>&nbsp;<\/p>\n<p>&nbsp;<\/p>\n<p>Uruguay vive una de sus peores crisis h\u00eddricas de su historia y se confirm\u00f3 que en los pr\u00f3ximos 10 d\u00edas Montevideo se quedar\u00eda sin agua potable.<\/p>\n<p>Este pron\u00f3stico se agrava ya que la represa de Paso Severino, la principal fuente de agua dulce, cuenta con apenas un 1,8% de su capacidad.<\/p>\n<p>Esta escena terror\u00edfica gener\u00f3 que los ciudadanos comiencen a comprar agua potable por internet y tambi\u00e9n deriv\u00f3 en que el gobierno de Lacalle Pou realice medidas paliativas ya que no hay pron\u00f3stico de lluvia para los pr\u00f3ximos d\u00edas.<\/p>\n<p>Entre las medidas a destacar es que sacaron el IVA al agua mineral y anunci\u00f3 la construcci\u00f3n de una represa provisoria en la zona del R\u00edo San Jos\u00e9.<\/p>\n<p>Para el gobierno uruguayo la represa estar\u00eda construida en 30 d\u00edas, pero desde las empresas informaron que tardar\u00edan alrededor de dos meses, algo que agravar\u00eda la situaci\u00f3n.<\/p>\n<p>OSE, la empresa p\u00fablica encargada del abastecimiento, anunci\u00f3 que desde hace dos meses comenzaron a utilizar agua del R\u00edo de la Plata motivo por el cual debieron aumentar el cloruro de 450 a 750 miligramos por litro y el sodio de 280 a 440 miligramos.<\/p>\n<p>Ante este panorama desalentador tambi\u00e9n comenzaron a entregar agua bebible en camiones cisternas en escuelas y hospitales.<\/p>\n<p>\u201cSi no llueve va a haber un lapso en el cual el agua no va a ser bebible\u201d, expres\u00f3 el presidente de Uruguay en una conferencia de prensa.<\/p>\n<p>El servicio meteorol\u00f3gico anunci\u00f3 las lluvias abundantes reci\u00e9n llegar\u00edan en primavera y principalmente al sur, pero prev\u00e9n que la situaci\u00f3n comience a mejorar en los pr\u00f3ximos meses.<\/p>\n","protected":false},"excerpt":{"rendered":"<p>El gobierno de Luis Lacalle Pou oficializ\u00f3 medidas paliativas ya que no hay pron\u00f3stico de lluvia para los pr\u00f3ximos d\u00edas &nbsp; &nbsp; Uruguay vive una de sus peores crisis h\u00eddricas de su historia y se confirm\u00f3 que en los pr\u00f3ximos 10 d\u00edas Montevideo se quedar\u00eda sin agua potable. Este pron\u00f3stico se agrava ya que la represa de Paso Severino, la principal fuente de agua dulce, cuenta con apenas un 1,8% de su capacidad. Esta escena terror\u00edfica gener\u00f3 que los ciudadanos comiencen a comprar agua potable por internet y tambi\u00e9n deriv\u00f3&#8230;<\/p>\n","protected":false},"author":3,"featured_media":104205,"comment_status":"closed","ping_status":"closed","sticky":false,"template":"","format":"standard","meta":[],"categories":[4],"tags":[],"_links":{"self":[{"href":"https:\/\/www.actualidadadiario.com\/index.php\/wp-json\/wp\/v2\/posts\/104204"}],"collection":[{"href":"https:\/\/www.actualidadadiario.com\/index.php\/wp-json\/wp\/v2\/posts"}],"about":[{"href":"https:\/\/www.actualidadadiario.com\/index.php\/wp-json\/wp\/v2\/types\/post"}],"author":[{"embeddable":true,"href":"https:\/\/www.actualidadadiario.com\/index.php\/wp-json\/wp\/v2\/users\/3"}],"replies":[{"embeddable":true,"href":"https:\/\/www.actualidadadiario.com\/index.php\/wp-json\/wp\/v2\/comments?post=104204"}],"version-history":[{"count":1,"href":"https:\/\/www.actualidadadiario.com\/index.php\/wp-json\/wp\/v2\/posts\/104204\/revisions"}],"predecessor-version":[{"id":104206,"href":"https:\/\/www.actualidadadiario.com\/index.php\/wp-json\/wp\/v2\/posts\/104204\/revisions\/104206"}],"wp:featuredmedia":[{"embeddable":true,"href":"https:\/\/www.actualidadadiario.com\/index.php\/wp-json\/wp\/v2\/media\/104205"}],"wp:attachment":[{"href":"https:\/\/www.actualidadadiario.com\/index.php\/wp-json\/wp\/v2\/media?parent=104204"}],"wp:term":[{"taxonomy":"category","embeddable":true,"href":"https:\/\/www.actualidadadiario.com\/index.php\/wp-json\/wp\/v2\/categories?post=104204"},{"taxonomy":"post_tag","embeddable":true,"href":"https:\/\/www.actualidadadiario.com\/index.php\/wp-json\/wp\/v2\/tags?post=104204"}],"curies":[{"name":"wp","href":"https:\/\/api.w.org\/{rel}","templated":true}]}}