{"id":104201,"date":"2023-07-04T14:00:31","date_gmt":"2023-07-04T17:00:31","guid":{"rendered":"https:\/\/www.actualidadadiario.com\/?p=104201"},"modified":"2023-07-04T14:00:31","modified_gmt":"2023-07-04T17:00:31","slug":"anuncian-la-llegada-de-un-sistema-frontal-que-provocara-descenso-en-las-temperaturas","status":"publish","type":"post","link":"https:\/\/www.actualidadadiario.com\/index.php\/2023\/07\/04\/anuncian-la-llegada-de-un-sistema-frontal-que-provocara-descenso-en-las-temperaturas\/","title":{"rendered":"Anuncian la llegada de un sistema frontal que provocar\u00e1 descenso en las temperaturas"},"content":{"rendered":"<p style=\"text-align: center;\"><em><strong>El fen\u00f3meno est\u00e1 previsto que se desarrolle entre mi\u00e9rcoles y jueves, seg\u00fan el bolet\u00edn semanal de \u201cEventos Meteorol\u00f3gicos Destacados\u201d elaborado por el Ministerio de Agricultura. Afectar\u00e1 a Entre R\u00edos y a otras provincias de la regi\u00f3n<\/strong><\/em><\/p>\n<p>&nbsp;<\/p>\n<p>&nbsp;<\/p>\n<p>Los d\u00edas calurosos en pleno invierno durar\u00e1n hasta el mi\u00e9rcoles. Un frente fr\u00edo desplazar\u00e1 progresivamente la masa de aire caliente y h\u00fameda que se encuentra en la regi\u00f3n. Esta situaci\u00f3n provocar\u00e1 probables lluvias y tormentas aisladas que podr\u00edan darse sobre todo durante la madrugada y la ma\u00f1ana del jueves.<\/p>\n<p>\u201cEl aire templado se mantendr\u00eda en los primeros d\u00edas de la semana. Durante el mi\u00e9rcoles, la llegada desde el sur del pa\u00eds de un sistema frontal que ingresar\u00eda hasta el centro provincial, producir\u00eda una gradual rotaci\u00f3n de vientos al sudeste y este, con algunas condiciones de inestabilidad\u201d, advirtieron desde Defensa Civil de Entre R\u00edos. Desde el jueves es probable que el sistema siga avanzando hacia el norte, y \u201cse asocien condiciones de niveles medios que mantengan o incrementen el aire inestable\u201d, aunque, por el momento no se observan condiciones de inestabilidad de significativa importancia.<\/p>\n<p>En la Argentina, la semana comenz\u00f3 temperaturas normales a sobre lo normal en el centro y norte de Argentina y normales a bajo lo normal en el sur del pa\u00eds. Hasta el mi\u00e9rcoles se espera que las temperaturas se mantengan c\u00e1lidas, principalmente en el centro y norte del pa\u00eds.<\/p>\n<p>El ingreso de un sistema frontal entre mi\u00e9rcoles y jueves ocasionar\u00e1 un descenso paulatino en las temperaturas del pa\u00eds con posibilidad de heladas agron\u00f3micas en Mendoza, San Luis, La Pampa, Buenos Aires y sur de Santa Fe. Adem\u00e1s en zonas serranas de Buenos Aires podr\u00edan darse heladas.<\/p>\n<p>En la provincia, las m\u00ednimas descender\u00edan, pero no tanto: se anuncian unos 10 grados, en tanto que la baja ser\u00e1 m\u00e1s notoria en las m\u00e1ximas que oscilar\u00edan entre los 15 y 18 grados, con viento del sureste.<\/p>\n<p>&nbsp;<\/p>\n<p><strong>Lluvias<\/strong><\/p>\n<p>No se esperan grandes acumulados de lluvia en la semana. Entre lunes y jueves se esperan lluvias de diversa intensidad en La Pampa, Buenos Aires, sur de Santa Fe y sur de Entre R\u00edos.<\/p>\n<p>Adem\u00e1s en el mismo periodo se podr\u00edan dar nevadas y lluvias de diversa intensidad en zona cordillerana de Patagonia. Entre viernes y domingo se esperan lluvias aisladas en el NOA, NEA y Mendoza.<\/p>\n","protected":false},"excerpt":{"rendered":"<p>El fen\u00f3meno est\u00e1 previsto que se desarrolle entre mi\u00e9rcoles y jueves, seg\u00fan el bolet\u00edn semanal de \u201cEventos Meteorol\u00f3gicos Destacados\u201d elaborado por el Ministerio de Agricultura. Afectar\u00e1 a Entre R\u00edos y a otras provincias de la regi\u00f3n &nbsp; &nbsp; Los d\u00edas calurosos en pleno invierno durar\u00e1n hasta el mi\u00e9rcoles. Un frente fr\u00edo desplazar\u00e1 progresivamente la masa de aire caliente y h\u00fameda que se encuentra en la regi\u00f3n. Esta situaci\u00f3n provocar\u00e1 probables lluvias y tormentas aisladas que podr\u00edan darse sobre todo durante la madrugada y la ma\u00f1ana del jueves. \u201cEl aire templado&#8230;<\/p>\n","protected":false},"author":3,"featured_media":104202,"comment_status":"closed","ping_status":"closed","sticky":false,"template":"","format":"standard","meta":[],"categories":[15],"tags":[],"_links":{"self":[{"href":"https:\/\/www.actualidadadiario.com\/index.php\/wp-json\/wp\/v2\/posts\/104201"}],"collection":[{"href":"https:\/\/www.actualidadadiario.com\/index.php\/wp-json\/wp\/v2\/posts"}],"about":[{"href":"https:\/\/www.actualidadadiario.com\/index.php\/wp-json\/wp\/v2\/types\/post"}],"author":[{"embeddable":true,"href":"https:\/\/www.actualidadadiario.com\/index.php\/wp-json\/wp\/v2\/users\/3"}],"replies":[{"embeddable":true,"href":"https:\/\/www.actualidadadiario.com\/index.php\/wp-json\/wp\/v2\/comments?post=104201"}],"version-history":[{"count":1,"href":"https:\/\/www.actualidadadiario.com\/index.php\/wp-json\/wp\/v2\/posts\/104201\/revisions"}],"predecessor-version":[{"id":104203,"href":"https:\/\/www.actualidadadiario.com\/index.php\/wp-json\/wp\/v2\/posts\/104201\/revisions\/104203"}],"wp:featuredmedia":[{"embeddable":true,"href":"https:\/\/www.actualidadadiario.com\/index.php\/wp-json\/wp\/v2\/media\/104202"}],"wp:attachment":[{"href":"https:\/\/www.actualidadadiario.com\/index.php\/wp-json\/wp\/v2\/media?parent=104201"}],"wp:term":[{"taxonomy":"category","embeddable":true,"href":"https:\/\/www.actualidadadiario.com\/index.php\/wp-json\/wp\/v2\/categories?post=104201"},{"taxonomy":"post_tag","embeddable":true,"href":"https:\/\/www.actualidadadiario.com\/index.php\/wp-json\/wp\/v2\/tags?post=104201"}],"curies":[{"name":"wp","href":"https:\/\/api.w.org\/{rel}","templated":true}]}}