{"id":104199,"date":"2023-07-04T13:59:36","date_gmt":"2023-07-04T16:59:36","guid":{"rendered":"https:\/\/www.actualidadadiario.com\/?p=104199"},"modified":"2023-07-04T13:59:36","modified_gmt":"2023-07-04T16:59:36","slug":"se-retoma-el-pago-de-sueldos-a-estatales-y-la-proxima-semana-se-abona-aguinaldo","status":"publish","type":"post","link":"https:\/\/www.actualidadadiario.com\/index.php\/2023\/07\/04\/se-retoma-el-pago-de-sueldos-a-estatales-y-la-proxima-semana-se-abona-aguinaldo\/","title":{"rendered":"Se retoma el pago de sueldos a estatales y la pr\u00f3xima semana se abona aguinaldo"},"content":{"rendered":"<p style=\"text-align: center;\"><em><strong>Tras haberse iniciado el s\u00e1bado el pago de haberes a la administraci\u00f3n p\u00fablica provincial, desde hoy continuar\u00e1 el cronograma. La pr\u00f3xima semana se abonar\u00e1 el medio aguinaldo<\/strong><\/em><\/p>\n<p>&nbsp;<\/p>\n<p>&nbsp;<\/p>\n<p>El s\u00e1bado se inici\u00f3 el cronograma de pagos de la administraci\u00f3n p\u00fablica provincial. El martes 11 de julio comenzar\u00e1 a abonarse el medio aguinaldo. &#8220;Representa una inversi\u00f3n de 71.000 millones de pesos que hacemos desde la provincia&#8221;, sostuvo el ministro de Econom\u00eda, Hugo Ballay.<\/p>\n<p>&nbsp;<\/p>\n<p><strong>Cronogramas<\/strong><\/p>\n<p>El cronograma de pago de haberes de junio dado a conocer por el Ministerio de Econom\u00eda es el siguiente:<\/p>\n<p>Martes 4 de julio: haberes desde 130.001 pesos a 200.000 pesos<\/p>\n<p>Mi\u00e9rcoles 5 de julio: haberes desde 200.001 pesos a 260.000 pesos<\/p>\n<p>Jueves 6 de julio: haberes desde 260.001 pesos a 350.000 pesos<\/p>\n<p>Viernes 7 de julio: haberes de m\u00e1s de 350.001 pesos<\/p>\n<p>&nbsp;<\/p>\n<p><strong>Medio aguinaldo<\/strong><\/p>\n<p>Martes 11 de julio: hasta 80.000 pesos.<\/p>\n<p>Mi\u00e9rcoles 12 de julio: desde 80.001 pesos a 150.000 pesos.<\/p>\n<p>Jueves 13 de julio: M\u00e1s de 150.000 pesos.<\/p>\n","protected":false},"excerpt":{"rendered":"<p>Tras haberse iniciado el s\u00e1bado el pago de haberes a la administraci\u00f3n p\u00fablica provincial, desde hoy continuar\u00e1 el cronograma. La pr\u00f3xima semana se abonar\u00e1 el medio aguinaldo &nbsp; &nbsp; El s\u00e1bado se inici\u00f3 el cronograma de pagos de la administraci\u00f3n p\u00fablica provincial. El martes 11 de julio comenzar\u00e1 a abonarse el medio aguinaldo. &#8220;Representa una inversi\u00f3n de 71.000 millones de pesos que hacemos desde la provincia&#8221;, sostuvo el ministro de Econom\u00eda, Hugo Ballay. &nbsp; Cronogramas El cronograma de pago de haberes de junio dado a conocer por el Ministerio de&#8230;<\/p>\n","protected":false},"author":3,"featured_media":104030,"comment_status":"closed","ping_status":"closed","sticky":false,"template":"","format":"standard","meta":[],"categories":[15],"tags":[],"_links":{"self":[{"href":"https:\/\/www.actualidadadiario.com\/index.php\/wp-json\/wp\/v2\/posts\/104199"}],"collection":[{"href":"https:\/\/www.actualidadadiario.com\/index.php\/wp-json\/wp\/v2\/posts"}],"about":[{"href":"https:\/\/www.actualidadadiario.com\/index.php\/wp-json\/wp\/v2\/types\/post"}],"author":[{"embeddable":true,"href":"https:\/\/www.actualidadadiario.com\/index.php\/wp-json\/wp\/v2\/users\/3"}],"replies":[{"embeddable":true,"href":"https:\/\/www.actualidadadiario.com\/index.php\/wp-json\/wp\/v2\/comments?post=104199"}],"version-history":[{"count":1,"href":"https:\/\/www.actualidadadiario.com\/index.php\/wp-json\/wp\/v2\/posts\/104199\/revisions"}],"predecessor-version":[{"id":104200,"href":"https:\/\/www.actualidadadiario.com\/index.php\/wp-json\/wp\/v2\/posts\/104199\/revisions\/104200"}],"wp:featuredmedia":[{"embeddable":true,"href":"https:\/\/www.actualidadadiario.com\/index.php\/wp-json\/wp\/v2\/media\/104030"}],"wp:attachment":[{"href":"https:\/\/www.actualidadadiario.com\/index.php\/wp-json\/wp\/v2\/media?parent=104199"}],"wp:term":[{"taxonomy":"category","embeddable":true,"href":"https:\/\/www.actualidadadiario.com\/index.php\/wp-json\/wp\/v2\/categories?post=104199"},{"taxonomy":"post_tag","embeddable":true,"href":"https:\/\/www.actualidadadiario.com\/index.php\/wp-json\/wp\/v2\/tags?post=104199"}],"curies":[{"name":"wp","href":"https:\/\/api.w.org\/{rel}","templated":true}]}}