{"id":104192,"date":"2023-07-04T13:56:59","date_gmt":"2023-07-04T16:56:59","guid":{"rendered":"https:\/\/www.actualidadadiario.com\/?p=104192"},"modified":"2023-07-04T13:56:59","modified_gmt":"2023-07-04T16:56:59","slug":"esta-semana-tampoco-habra-actividad-en-la-camara-de-diputados-de-la-provincia","status":"publish","type":"post","link":"https:\/\/www.actualidadadiario.com\/index.php\/2023\/07\/04\/esta-semana-tampoco-habra-actividad-en-la-camara-de-diputados-de-la-provincia\/","title":{"rendered":"Esta semana tampoco habr\u00e1 actividad en la C\u00e1mara de Diputados de la provincia"},"content":{"rendered":"<p style=\"text-align: center;\"><em><strong>La C\u00e1mara de Diputados de Entre R\u00edos no tendr\u00e1 actividad en el recinto ni en Comisi\u00f3n. La \u00faltima Sesi\u00f3n Ordinaria se llev\u00f3 a cabo el pasado 7 de junio<\/strong><\/em><\/p>\n<p>&nbsp;<\/p>\n<p>&nbsp;<\/p>\n<p>Esta semana, la C\u00e1mara de Diputados de la provincia continuar\u00e1 sin actividades. Es que este mi\u00e9rcoles tampoco se llevar\u00e1 a cabo la Sesi\u00f3n Ordinaria que, por calendario, corresponder\u00eda celebrar.<\/p>\n<p>Vale recordar que la \u00faltima Sesi\u00f3n se realiz\u00f3 hace casi un mes, el pasado mi\u00e9rcoles 7 de junio, oportunidad en la que -entre otros- se aprob\u00f3 el proyecto de ley que busca regular los honorarios de profesionales de la abogac\u00eda.<\/p>\n<p>Adem\u00e1s, el Senado entrerriano tampoco tiene planificadas actividades en las Comisiones, luego de que la semana pasada tampoco se llevara a cabo la Sesi\u00f3n Ordinaria convocada.<\/p>\n<p>La \u00faltima vez que hubo actividad en el Recinto fue el mi\u00e9rcoles 14 de junio en la que se sancion\u00f3 la iniciativa que declara \u00c1rea Natural Protegida, en la categor\u00eda Reserva de Usos M\u00faltiples al establecimiento \u201cLa Porota\u201d.<\/p>\n","protected":false},"excerpt":{"rendered":"<p>La C\u00e1mara de Diputados de Entre R\u00edos no tendr\u00e1 actividad en el recinto ni en Comisi\u00f3n. La \u00faltima Sesi\u00f3n Ordinaria se llev\u00f3 a cabo el pasado 7 de junio &nbsp; &nbsp; Esta semana, la C\u00e1mara de Diputados de la provincia continuar\u00e1 sin actividades. Es que este mi\u00e9rcoles tampoco se llevar\u00e1 a cabo la Sesi\u00f3n Ordinaria que, por calendario, corresponder\u00eda celebrar. Vale recordar que la \u00faltima Sesi\u00f3n se realiz\u00f3 hace casi un mes, el pasado mi\u00e9rcoles 7 de junio, oportunidad en la que -entre otros- se aprob\u00f3 el proyecto de ley&#8230;<\/p>\n","protected":false},"author":3,"featured_media":104193,"comment_status":"closed","ping_status":"closed","sticky":false,"template":"","format":"standard","meta":[],"categories":[15],"tags":[],"_links":{"self":[{"href":"https:\/\/www.actualidadadiario.com\/index.php\/wp-json\/wp\/v2\/posts\/104192"}],"collection":[{"href":"https:\/\/www.actualidadadiario.com\/index.php\/wp-json\/wp\/v2\/posts"}],"about":[{"href":"https:\/\/www.actualidadadiario.com\/index.php\/wp-json\/wp\/v2\/types\/post"}],"author":[{"embeddable":true,"href":"https:\/\/www.actualidadadiario.com\/index.php\/wp-json\/wp\/v2\/users\/3"}],"replies":[{"embeddable":true,"href":"https:\/\/www.actualidadadiario.com\/index.php\/wp-json\/wp\/v2\/comments?post=104192"}],"version-history":[{"count":1,"href":"https:\/\/www.actualidadadiario.com\/index.php\/wp-json\/wp\/v2\/posts\/104192\/revisions"}],"predecessor-version":[{"id":104194,"href":"https:\/\/www.actualidadadiario.com\/index.php\/wp-json\/wp\/v2\/posts\/104192\/revisions\/104194"}],"wp:featuredmedia":[{"embeddable":true,"href":"https:\/\/www.actualidadadiario.com\/index.php\/wp-json\/wp\/v2\/media\/104193"}],"wp:attachment":[{"href":"https:\/\/www.actualidadadiario.com\/index.php\/wp-json\/wp\/v2\/media?parent=104192"}],"wp:term":[{"taxonomy":"category","embeddable":true,"href":"https:\/\/www.actualidadadiario.com\/index.php\/wp-json\/wp\/v2\/categories?post=104192"},{"taxonomy":"post_tag","embeddable":true,"href":"https:\/\/www.actualidadadiario.com\/index.php\/wp-json\/wp\/v2\/tags?post=104192"}],"curies":[{"name":"wp","href":"https:\/\/api.w.org\/{rel}","templated":true}]}}