{"id":104189,"date":"2023-07-04T13:56:07","date_gmt":"2023-07-04T16:56:07","guid":{"rendered":"https:\/\/www.actualidadadiario.com\/?p=104189"},"modified":"2023-07-04T13:56:07","modified_gmt":"2023-07-04T16:56:07","slug":"bordet-la-democracia-no-termina-en-el-voto-tiene-que-ver-con-la-consolidacion-de-derechos","status":"publish","type":"post","link":"https:\/\/www.actualidadadiario.com\/index.php\/2023\/07\/04\/bordet-la-democracia-no-termina-en-el-voto-tiene-que-ver-con-la-consolidacion-de-derechos\/","title":{"rendered":"Bordet: \u201cLa democracia no termina en el voto, tiene que ver con la consolidaci\u00f3n de derechos\u201d"},"content":{"rendered":"<p style=\"text-align: center;\"><em><strong>\u201cLa democracia no termina en el voto, tiene que ver con la consolidaci\u00f3n de derechos elementales\u201d, afirm\u00f3 el gobernador Gustavo Bordet, ante estudiantes de la escuela de Concordia donde ejerci\u00f3 como docente, con quienes dialog\u00f3 sobre los 40 a\u00f1os de democracia<\/strong><\/em><\/p>\n<p>&nbsp;<\/p>\n<p>&nbsp;<\/p>\n<p>El mandatario estuvo este lunes en la escuela Secundaria N\u00ba 17, General Mart\u00edn Miguel de G\u00fcemes, de Concordia. Junto a la presidenta de la Fundaci\u00f3n Iapser, Mariel Avila, y al rector de la instituci\u00f3n, Carlos Gatto, recorri\u00f3 la muestra socioeducativa \u201cDemocracia: conquista y compromiso colectivo\u201d, que se realiz\u00f3 con el apoyo de la Fundaci\u00f3n Iapser. Tras la recorrida, el mandatario expuso sobre los 40 a\u00f1os de la democracia ante alumnos de 6to. a\u00f1o.<\/p>\n<p>En la oportunidad, Bordet se\u00f1al\u00f3 que su visita \u201ctiene un significado muy especial, porque muchos a\u00f1os fui docente en esta escuela\u201d. Destac\u00f3 que \u201cla Fundaci\u00f3n Iapser ha tra\u00eddo esta muestra de 40 a\u00f1os de democracia\u201d, y que \u201cse ha realizado un trabajo de investigaci\u00f3n realmente muy interesante con los alumnos de la escuela de comercio\u201d.<\/p>\n<p>En ese marco, valor\u00f3 que la muestra expresa el modo en el que \u201clas instituciones en nuestro pa\u00eds se han consolidado y fortalecido en estos 40 a\u00f1os\u201d, y record\u00f3 que desde 1930 \u201cse produjeron golpes militares y dictaduras que interrumpieron los procesos democr\u00e1ticos\u201d. Sin embargo, \u201cen 1983, despu\u00e9s del horror de la \u00faltima dictadura, las fuerzas pol\u00edticas realizaron un acuerdo social y pol\u00edtico para que la democracia perdure en la Argentina\u201d, explic\u00f3 y record\u00f3 que parte de ese acuerdo \u201cqued\u00f3 plasmado en aquel libro Nunca M\u00e1s,\u201d.<\/p>\n<p>\u201cPese a distintas amenazas y crisis institucionales que el pa\u00eds ha pasado, siempre la democracia sali\u00f3 a flote. Son 40 a\u00f1os ininterrumpidos de un sistema democr\u00e1tico que el mundo ha adoptado como forma de vida y donde los ciudadanos tienen siempre la posibilidad, no s\u00f3lo de elegir a sus autoridades, sino de expresarse libremente, de poder peticionar a las autoridades, de ejercer el derecho de protestas, y esto es lo que a trav\u00e9s de esta muestra se recopila en 40 a\u00f1os que han transcurrido\u201d, subray\u00f3 Bordet.<\/p>\n<p>&nbsp;<\/p>\n<p><strong>Desaf\u00edos<\/strong><\/p>\n<p>Por otra parte, el mandatario entrerriano se\u00f1al\u00f3 que \u201cel desaf\u00edo hacia el futuro de mejorar esta calidad democr\u00e1tica, ir hacia sociedades con nuevos derechos, donde los actos de gobierno sean cada vez m\u00e1s transparentes, porque la democracia no termina en el voto, tiene que ver con la consolidaci\u00f3n de derechos elementales que deben ser incorporados en la vida cotidiana de cada uno de los ciudadanos\u201d.<\/p>\n<p>\u201cEsta muestra expresa el compromiso de nuestros estudiantes, en este caso ac\u00e1 en la escuela de Comercio 2 (como se la conoce), de poder contribuir al proceso democr\u00e1tico\u201d, indic\u00f3 y sostuvo que la iniciativa tambi\u00e9n hace \u201ca la formaci\u00f3n de nuestros j\u00f3venes y al compromiso con la sociedad en la cual estamos insertos\u201d.<\/p>\n<p>&nbsp;<\/p>\n<p><strong>El derecho a votar y el fin de la grieta<\/strong><\/p>\n<p>M\u00e1s adelante, en el intercambio con los alumnos, Bordet aconsej\u00f3 a los j\u00f3venes a que vayan a votar: &#8220;Yo no les digo por qui\u00e9n tienen que votar, no vengo ac\u00e1 a hacer pol\u00edtica, pero creo que es importante que concurran y expresen con su voto a quien ustedes quieran. Porque es importante ejercer el derecho a la democracia, creo que ese es el primer eslab\u00f3n para consolidar un sistema democr\u00e1tico: la participaci\u00f3n. El hecho de concurrir a votar significa ejercer la democracia&#8221;, expres\u00f3.<\/p>\n<p>Pero les aclar\u00f3 que la democracia no es s\u00f3lo ir a votar, sino que tambi\u00e9n \u201cla democracia es peticionar, exigir para que quienes tenemos responsabilidades de gobierno hagamos las cosas bien. Es no callarse nunca la boca, siempre exigir, pedir, actuar e intervenir\u201d.<\/p>\n<p>Tambi\u00e9n se refiri\u00f3 a la grieta: &#8220;En nuestro pa\u00eds cuesta mucho encontrar consensos por sobre las divisiones que aparecen. Yo creo que es importante encontrar esos acuerdos pol\u00edticos, un nuevo contrato social sobre la base de la democracia, de poder disentir, y tambi\u00e9n ponernos de acuerdo como pa\u00eds en las cosas necesarias que son determinantes para el futuro de la Argentina\u201d.<\/p>\n<p>&nbsp;<\/p>\n<p><strong>Recorrida por las nuevas aulas<\/strong><\/p>\n<p>Tras la disertaci\u00f3n ante los alumnos, el gobernador recorri\u00f3 las tres nuevas aulas construidas con aportes del gobierno provincial, que demandaron una inversi\u00f3n de unos 20 millones de pesos. Cabe se\u00f1alar que se trata de un establecimiento construido a comienzos del siglo pasado, considerado patrimonio arquitect\u00f3nico de la ciudad de Concordia al cual se le realiz\u00f3 una ampliaci\u00f3n en los a\u00f1os 80.<\/p>\n<p>En ese marco, Bordet indic\u00f3 que \u201ctambi\u00e9n estamos trabajando en otros establecimientos escolares de la ciudad con obras muy avanzada, estamos por terminar el gimnasio polideportivo de la escuela de comercio N\u00ba 1; estamos licitando el gimnasio de la escuela t\u00e9cnica. Tambi\u00e9n he promulgado la ley para la expropiaci\u00f3n que permita construir en el predio lindero la escuela Mariano Moreno\u201d, enumer\u00f3 Bordet.<\/p>\n<p>&nbsp;<\/p>\n<p><strong>\u201cReafirmar nuestro compromiso\u201d<\/strong><\/p>\n<p>Por su parte, el director de la escuela, Carlos Gatto, manifest\u00f3: &#8220;Quiero resaltar que Gustavo (Bordet) ha sido y ser\u00e1 siempre docente de esta querida instituci\u00f3n escolar. Es un amigo personal a quien respeto y le reservo un gran aprecio. Con \u00e9l, compartimos innumerables ocasiones de trabajo, muchas de ellas celebradas en el Concejo Deliberante de la ciudad, aunque representando a distintos espacios, siempre estuvimos alineados en el f\u00e9rreo compromiso de producir y proponer lo mejor para nuestra amada ciudad de Concordia&#8221;.<\/p>\n<p>En ese marco, expres\u00f3 su &#8220;profunda gratitud por su apoyo y acompa\u00f1amiento en el desarrollo de nuestra misi\u00f3n pedag\u00f3gica. Estos nuevos espacios en el edificio ser\u00e1n de gran provecho para el desarrollo de m\u00faltiples actividades acad\u00e9micas. Nuevos escenarios, proyectan nuevas iniciativas con base en la congregaci\u00f3n de esfuerzos y proyectos con impacto significativo en los destinatarios y participantes&#8221;, remarc\u00f3.<\/p>\n<p>Gatto celebr\u00f3 la ocasi\u00f3n e indic\u00f3 que &#8220;felizmente destacamos una serie de aspiraciones hoy materializadas&#8221;, a las que defini\u00f3 como &#8220;de trascendental relevancia para nuestro establecimiento y sociedad en general por la significatividad que reviste&#8221;.<\/p>\n<p>En ese marco, se refiri\u00f3 a las novedades y resalt\u00f3 el compromiso de los actores intervinientes. &#8220;Es una gran satisfacci\u00f3n y alegr\u00eda haber concretado la Muestra Educativa de la Democracia, trat\u00e1ndose de un proyecto organizado en conjunto con la Fundaci\u00f3n Iapser, presidida por la se\u00f1ora Mariel \u00c1vila, quien desde la g\u00e9nesis asumi\u00f3 con entusiasmo y gran compromiso la tarea de trabajar en conjunto en su organizaci\u00f3n y realizaci\u00f3n&#8221;.<\/p>\n<p>Dicho de eso, detall\u00f3 que &#8220;la muestra Democracia: conquista y compromiso colectivo conmemora los 40 a\u00f1os de democracia de nuestro pa\u00eds. Este hito hist\u00f3rico representa la lucha y el denodado esfuerzo de muchas generaciones por alcanzar y preservar los valores fundamentales de libertad, igualdad y participaci\u00f3n ciudadana&#8221;.<\/p>\n<p>Para finalizar, agradeci\u00f3 el acompa\u00f1amiento de la Comisi\u00f3n T\u00e9cnica Mixta de Salto Grande con los aportes proporcionados para concretar la instalaci\u00f3n de la iluminaci\u00f3n LED en el gimnasio del establecimiento.<\/p>\n","protected":false},"excerpt":{"rendered":"<p>\u201cLa democracia no termina en el voto, tiene que ver con la consolidaci\u00f3n de derechos elementales\u201d, afirm\u00f3 el gobernador Gustavo Bordet, ante estudiantes de la escuela de Concordia donde ejerci\u00f3 como docente, con quienes dialog\u00f3 sobre los 40 a\u00f1os de democracia &nbsp; &nbsp; El mandatario estuvo este lunes en la escuela Secundaria N\u00ba 17, General Mart\u00edn Miguel de G\u00fcemes, de Concordia. Junto a la presidenta de la Fundaci\u00f3n Iapser, Mariel Avila, y al rector de la instituci\u00f3n, Carlos Gatto, recorri\u00f3 la muestra socioeducativa \u201cDemocracia: conquista y compromiso colectivo\u201d, que se&#8230;<\/p>\n","protected":false},"author":3,"featured_media":104190,"comment_status":"closed","ping_status":"closed","sticky":false,"template":"","format":"standard","meta":[],"categories":[15],"tags":[],"_links":{"self":[{"href":"https:\/\/www.actualidadadiario.com\/index.php\/wp-json\/wp\/v2\/posts\/104189"}],"collection":[{"href":"https:\/\/www.actualidadadiario.com\/index.php\/wp-json\/wp\/v2\/posts"}],"about":[{"href":"https:\/\/www.actualidadadiario.com\/index.php\/wp-json\/wp\/v2\/types\/post"}],"author":[{"embeddable":true,"href":"https:\/\/www.actualidadadiario.com\/index.php\/wp-json\/wp\/v2\/users\/3"}],"replies":[{"embeddable":true,"href":"https:\/\/www.actualidadadiario.com\/index.php\/wp-json\/wp\/v2\/comments?post=104189"}],"version-history":[{"count":1,"href":"https:\/\/www.actualidadadiario.com\/index.php\/wp-json\/wp\/v2\/posts\/104189\/revisions"}],"predecessor-version":[{"id":104191,"href":"https:\/\/www.actualidadadiario.com\/index.php\/wp-json\/wp\/v2\/posts\/104189\/revisions\/104191"}],"wp:featuredmedia":[{"embeddable":true,"href":"https:\/\/www.actualidadadiario.com\/index.php\/wp-json\/wp\/v2\/media\/104190"}],"wp:attachment":[{"href":"https:\/\/www.actualidadadiario.com\/index.php\/wp-json\/wp\/v2\/media?parent=104189"}],"wp:term":[{"taxonomy":"category","embeddable":true,"href":"https:\/\/www.actualidadadiario.com\/index.php\/wp-json\/wp\/v2\/categories?post=104189"},{"taxonomy":"post_tag","embeddable":true,"href":"https:\/\/www.actualidadadiario.com\/index.php\/wp-json\/wp\/v2\/tags?post=104189"}],"curies":[{"name":"wp","href":"https:\/\/api.w.org\/{rel}","templated":true}]}}