{"id":104187,"date":"2023-07-04T13:45:30","date_gmt":"2023-07-04T16:45:30","guid":{"rendered":"https:\/\/www.actualidadadiario.com\/?p=104187"},"modified":"2023-07-04T13:45:30","modified_gmt":"2023-07-04T16:45:30","slug":"diputados-vuelve-a-sesionar-con-foco-en-los-creditos-uva-y-ley-olimpia","status":"publish","type":"post","link":"https:\/\/www.actualidadadiario.com\/index.php\/2023\/07\/04\/diputados-vuelve-a-sesionar-con-foco-en-los-creditos-uva-y-ley-olimpia\/","title":{"rendered":"Diputados vuelve a sesionar con foco en los cr\u00e9ditos UVA y Ley Olimpia"},"content":{"rendered":"<p style=\"text-align: center;\"><em><strong>El cuerpo vuelve a convocar al recinto para votar proyectos luego de dos meses y medio. Tambi\u00e9n se votar\u00e1 el nuevo r\u00e9gimen de promoci\u00f3n para la producci\u00f3n org\u00e1nica<\/strong><\/em><\/p>\n<p>&nbsp;<\/p>\n<p>&nbsp;<\/p>\n<p>Dos meses y medio despu\u00e9s de la \u00faltima sesi\u00f3n para votar proyectos, que tuvo lugar el 19 de abril pasado, y con el cierre de listas nacionales reflejado en el espejo retrovisor, la C\u00e1mara de Diputados volver\u00e1 a convocar al recinto el pr\u00f3ximo mi\u00e9rcoles en base al tratamiento de un repertorio de iniciativas que incluye, entre otras, la ley para aliviar la situaci\u00f3n de los deudores hipotecarios de cr\u00e9ditos UVA y la ley &#8220;Olimpia&#8221; contra la violencia digital de g\u00e9nero.<\/p>\n<p>El pedido de sesi\u00f3n es para este mi\u00e9rcoles a las 12 hs y fue presentado el viernes pasado a la titular de la C\u00e1mara baja, Cecilia Moreau, por los diputados oficialistas Germ\u00e1n Mart\u00ednez, Paula Penacca, Hilda Aguirre, Pablo Carro, Eduardo Fern\u00e1ndez, Ramiro Fern\u00e1ndez Patri, Daniel Goll\u00e1n, Lucas Godoy, Carlos Heller, M\u00f3nica Macha, Gisela Marziotta, Lucila Masin, Carlos Ponce, Vanesa Siley y Eduardo Vald\u00e9s.<\/p>\n<p>En el temario tambi\u00e9n figuran el R\u00e9gimen de Promoci\u00f3n de la Producci\u00f3n y\/o Elaboraci\u00f3n de Productos Org\u00e1nicos; la regulaci\u00f3n del Ejercicio Profesional del Acompa\u00f1amiento Terap\u00e9utico, y el Plan de refinanciaci\u00f3n de deudas a cargo de provincias, municipios, comunas y entes prestadores de servicios p\u00fablicos, respecto al Ente Nacional de Obras H\u00eddricas de Saneamiento (ENOHSA).<\/p>\n<p>A su vez, se incorporan al orden del d\u00eda la derogaci\u00f3n del r\u00e9gimen legal de trabajo de mujeres y ni\u00f1os, la aprobaci\u00f3n de cargos de c\u00f3nsules y vicec\u00f3nsules honorarios a ciudadanos argentinos propuestos por gobiernos extranjeros, un acuerdo sobre Transporte A\u00e9reo entre Argentina y Portugal, y la declaraci\u00f3n de monumento hist\u00f3rico nacional del Parque de la Constituci\u00f3n Nacional.<\/p>\n<p>&nbsp;<\/p>\n<p><strong>Cr\u00e9ditos UVA<\/strong><\/p>\n<p>El proyecto de la mayor\u00eda consensuado entre el Frente de Todos y la UCR crea el nuevo &#8220;R\u00e9gimen de Protecci\u00f3n de Deudores de Pr\u00e9stamos Hipotecarios UVA y UVI&#8221;, el cual garantiza que la cuota a pagar por el deudor hipotecario tomar\u00e1 en cuenta el \u00edndice mensual que d\u00e9 m\u00e1s bajo entre el coeficiente de variaci\u00f3n salarial basado en la &#8220;Remuneraci\u00f3n imponible promedio de los trabajadores estables (RIPTE) y el IPC que mide la inflaci\u00f3n promedio.<\/p>\n<p>Por otra parte, se dispone que la cuota a pagar no pueda exceder el 30% de los ingresos acreditados por los deudores. En tanto, para los cr\u00e9ditos ya otorgados, el c\u00f3mputo ser\u00e1 retroactivo al 1 de enero de 2023. A su vez, se establece que aquellos deudores que est\u00e9n alcanzados por el impuesto a las Ganancias podr\u00e1n deducir anualmente hasta tres salarios m\u00ednimos.<\/p>\n<p>La iniciativa crea un &#8220;Fondo Fiduciario de Compensaci\u00f3n y Promoci\u00f3n Hipotecario (FFCPH)&#8221; que tendr\u00e1 como finalidad compensar los descalces entre la cuota calculada en base a salarios y la estimada en base a la tasa UVA\/UVI. El deudor deber\u00e1 adherir de forma voluntaria al r\u00e9gimen para poder acceder a los beneficios del Fondo.<\/p>\n<p>En caso de que el deudor est\u00e9 desempleado, este fondo especial se har\u00e1 cargo de hasta tres cuotas.<\/p>\n<p>En parte, dicho fondo compensador ser\u00e1 financiado &#8220;con un aporte mensual que determinar\u00e1 el Banco Central con un l\u00edmite m\u00e1ximo de 0,0025% del promedio de los saldos diarios de los dep\u00f3sitos en pesos y moneda extranjera&#8221;, detalla el dictamen de mayor\u00eda.<\/p>\n<p>Encabezado por el diputado Mart\u00edn Tetaz (Evoluci\u00f3n), un sector de la oposici\u00f3n (que tambi\u00e9n incluye al PRO y la Coalici\u00f3n C\u00edvica) firm\u00f3 un dictamen alternativo con diferencias respecto al despacho de mayor\u00eda.<\/p>\n<p>&nbsp;<\/p>\n<p><strong>Ley Olimpia<\/strong><\/p>\n<p>Esta norma surge de una s\u00edntesis de los proyectos de M\u00f3nica Macha (Frente de Todos) y Danya Tavela (Evoluci\u00f3n) busca modificar la ley de Protecci\u00f3n Integral contra la Violencia de G\u00e9nero 26.485 para tipificar como delito la figura de la violencia digital a trav\u00e9s de la extorsi\u00f3n y difusi\u00f3n no consentida de material sexual en redes o plataformas.<\/p>\n<p>A su vez, la normativa habilita a los jueces a la remoci\u00f3n del contenido \u00edntimo del entorno digital, y busca evitar interpretaciones de la ley que no favorezcan a las v\u00edctimas.<\/p>\n<p>La iniciativa fue presentada en julio pasado con la presencia de la ex ministra de las Mujeres Elizabeth G\u00f3mez Alcorta y est\u00e1 inspirada en la \u201cLey Olimpia\u201d que se sancion\u00f3 en M\u00e9xico en 2021 en homenaje a una joven mexicana que fue v\u00edctima de \u201cporno extorsi\u00f3n\u201d y \u201cporno venganza\u201d por parte de una ex pareja.<\/p>\n<p>&nbsp;<\/p>\n<p><strong>Producci\u00f3n Org\u00e1nica<\/strong><\/p>\n<p>Otro proyecto que listo para ser votado en el recinto este mi\u00e9rcoles es el que crea un r\u00e9gimen de promoci\u00f3n a la producci\u00f3n y elaboraci\u00f3n de productos org\u00e1nicos por un plazo de 10 a\u00f1os, con beneficios impositivos y un certificado de cr\u00e9dito fiscal.<\/p>\n<p>Es un proyecto del oficialista Ramiro Fern\u00e1ndez Patri que obtuvo dictamen las comisiones de Econom\u00edas y Desarrollo Regional, y Presupuesto y Hacienda. El bono de cr\u00e9dito fiscal es equivalente al 70% de la totalidad de las contribuciones patronales, y se puede utilizar para la cancelaci\u00f3n de tributos nacionales, y sus anticipos, como as\u00ed tambi\u00e9n los tributos aduaneros, excluido el impuesto a las ganancias.<\/p>\n<p>La producci\u00f3n org\u00e1nica est\u00e1 relacionada a un modelo de soberan\u00eda alimentaria, a partir de un modo de producci\u00f3n m\u00e1s artesanal, m\u00e1s amigable con el medio ambiente, sin agroqu\u00edmicos, con mano de obra intensiva. A su vez, genera un producto m\u00e1s saludable y cuidado, que redunda en un beneficio para el consumidor.<\/p>\n","protected":false},"excerpt":{"rendered":"<p>El cuerpo vuelve a convocar al recinto para votar proyectos luego de dos meses y medio. Tambi\u00e9n se votar\u00e1 el nuevo r\u00e9gimen de promoci\u00f3n para la producci\u00f3n org\u00e1nica &nbsp; &nbsp; Dos meses y medio despu\u00e9s de la \u00faltima sesi\u00f3n para votar proyectos, que tuvo lugar el 19 de abril pasado, y con el cierre de listas nacionales reflejado en el espejo retrovisor, la C\u00e1mara de Diputados volver\u00e1 a convocar al recinto el pr\u00f3ximo mi\u00e9rcoles en base al tratamiento de un repertorio de iniciativas que incluye, entre otras, la ley para&#8230;<\/p>\n","protected":false},"author":3,"featured_media":98308,"comment_status":"closed","ping_status":"closed","sticky":false,"template":"","format":"standard","meta":[],"categories":[18],"tags":[],"_links":{"self":[{"href":"https:\/\/www.actualidadadiario.com\/index.php\/wp-json\/wp\/v2\/posts\/104187"}],"collection":[{"href":"https:\/\/www.actualidadadiario.com\/index.php\/wp-json\/wp\/v2\/posts"}],"about":[{"href":"https:\/\/www.actualidadadiario.com\/index.php\/wp-json\/wp\/v2\/types\/post"}],"author":[{"embeddable":true,"href":"https:\/\/www.actualidadadiario.com\/index.php\/wp-json\/wp\/v2\/users\/3"}],"replies":[{"embeddable":true,"href":"https:\/\/www.actualidadadiario.com\/index.php\/wp-json\/wp\/v2\/comments?post=104187"}],"version-history":[{"count":1,"href":"https:\/\/www.actualidadadiario.com\/index.php\/wp-json\/wp\/v2\/posts\/104187\/revisions"}],"predecessor-version":[{"id":104188,"href":"https:\/\/www.actualidadadiario.com\/index.php\/wp-json\/wp\/v2\/posts\/104187\/revisions\/104188"}],"wp:featuredmedia":[{"embeddable":true,"href":"https:\/\/www.actualidadadiario.com\/index.php\/wp-json\/wp\/v2\/media\/98308"}],"wp:attachment":[{"href":"https:\/\/www.actualidadadiario.com\/index.php\/wp-json\/wp\/v2\/media?parent=104187"}],"wp:term":[{"taxonomy":"category","embeddable":true,"href":"https:\/\/www.actualidadadiario.com\/index.php\/wp-json\/wp\/v2\/categories?post=104187"},{"taxonomy":"post_tag","embeddable":true,"href":"https:\/\/www.actualidadadiario.com\/index.php\/wp-json\/wp\/v2\/tags?post=104187"}],"curies":[{"name":"wp","href":"https:\/\/api.w.org\/{rel}","templated":true}]}}