{"id":104184,"date":"2023-07-04T13:44:39","date_gmt":"2023-07-04T16:44:39","guid":{"rendered":"https:\/\/www.actualidadadiario.com\/?p=104184"},"modified":"2023-07-04T13:44:39","modified_gmt":"2023-07-04T16:44:39","slug":"massa-apunto-contra-macri-por-la-deuda-con-el-fmi-el-tio-vago-tomo-una-hipoteca-y-la-plata-se-fue","status":"publish","type":"post","link":"https:\/\/www.actualidadadiario.com\/index.php\/2023\/07\/04\/massa-apunto-contra-macri-por-la-deuda-con-el-fmi-el-tio-vago-tomo-una-hipoteca-y-la-plata-se-fue\/","title":{"rendered":"Massa apunt\u00f3 contra Macri por la deuda con el FMI: &#8220;El t\u00edo vago tom\u00f3 una hipoteca y la plata se fue&#8221;"},"content":{"rendered":"<p style=\"text-align: center;\"><em><strong>En medio de los nuevos vencimientos con los que debe cumplir, el ministro de Econom\u00eda y precandidato presidencial apunt\u00f3 contra el expresidente y consider\u00f3 que lo que plantean en el Fondo &#8220;es p\u00e9rdida de soberan\u00eda, no tener m\u00e1s patria, no tener Naci\u00f3n&#8221;<\/strong><\/em><\/p>\n<p>&nbsp;<\/p>\n<p>&nbsp;<\/p>\n<p>El ministro de Econom\u00eda y precandidato presidencial de Uni\u00f3n por la Patria, Sergio Massa, contin\u00faa su estrategia de hacer\u00a0 campa\u00f1a con resultados de gesti\u00f3n. Esta vez duran lo que podr\u00eda ser un spot electoral expres\u00f3 fuerte cr\u00edticas al gobierno anterior por el cr\u00e9dito que tom\u00f3 el expresidente Mauricio Macri, a quien compar\u00f3 con &#8220;el t\u00edo vago de la familia&#8221;, con el Fondo Monetario Internacional (FMI).<\/p>\n<p>En un video con ciudadanas, mientras explicaba la deuda contra\u00edda con el FMI\u00a0 recurri\u00f3 a una met\u00e1fora para graficar el regreso de la Argentina al organismo internacional, a ra\u00edz del acuerdo Stand By por u$s45.000 millones firmado en 2018 por Juntos por el Cambio.<\/p>\n<p>&#8220;El otro d\u00eda pon\u00eda de ejemplo que llevo a la pr\u00e1ctica porque es lo que vive la gente en los barrios. Es como si el t\u00edo de la familia hubiese tomado una hipoteca con el prestamista del barrio. Entonces el prestamista, cada vez que viene a cobrar, te pide algo m\u00e1s. Eso es el Fondo&#8221;, dijo en primer lugar el ministro ante los vecinos.<\/p>\n<p>Y continu\u00f3 graficando: &#8220;Hace cinco a\u00f1os, el t\u00edo vago de la familia fue al prestamista, tom\u00f3 la hipoteca y la plata se fue de Argentina&#8221;. Eso para la Argentina &#8220;hoy es un problema que genera la faltante de d\u00f3lares&#8221;, se\u00f1al\u00f3 y remarc\u00f3 que ya &#8220;ni siquiera sos due\u00f1o de en qu\u00e9 gastas la plata como Gobierno. Depend\u00e9s de otro&#8221;.<\/p>\n<p>En l\u00ednea con la propuesta que realiz\u00f3 d\u00edas atr\u00e1s en la C\u00e1mara de la Construcci\u00f3n, volvi\u00f3 a manifestar su intenci\u00f3n de pagar la deuda para poner fin al v\u00ednculo con el FMI. &#8220;En los pr\u00f3ximos cinco a\u00f1os vamos a recorrer este camino de juntar los d\u00f3lares para ser un pa\u00eds libre, no depender de nadie y sacarnos de encima a los que de alguna manera te condicionan porque son como los prestamistas de barrio, entonces todos los d\u00edas te van poniendo condiciones y exigiendo m\u00e1s cosas&#8221;, prometi\u00f3 en el v\u00eddeo el ministro que se encuentra en negociaciones con el organismo internacional para formular nuevas metas debido a los efectos negativos de la sequ\u00eda.<\/p>\n<p>Al concluir remarc\u00f3 que &#8220;lo que plantean en el Fondo es p\u00e9rdida de soberan\u00eda. Es no tener m\u00e1s patria. No tener m\u00e1s Naci\u00f3n&#8221;.<\/p>\n<p>Y es que este viernes el Gobierno deber\u00e1 afrontar un nuevo desembolso de\u00a0 u$s1.294 millones con el organismo, la semana pasada cumpli\u00f3 con los vencimientos de junio por u$s2.700 utilizando Derechos Especiales de Giro y yuanes del swap con China.<\/p>\n<p>Asimismo el 9 de julio tendr\u00e1 que hacer frente al vencimiento de bonos en d\u00f3lares con acreedores privados por unos u$s1.000 millones.<\/p>\n","protected":false},"excerpt":{"rendered":"<p>En medio de los nuevos vencimientos con los que debe cumplir, el ministro de Econom\u00eda y precandidato presidencial apunt\u00f3 contra el expresidente y consider\u00f3 que lo que plantean en el Fondo &#8220;es p\u00e9rdida de soberan\u00eda, no tener m\u00e1s patria, no tener Naci\u00f3n&#8221; &nbsp; &nbsp; El ministro de Econom\u00eda y precandidato presidencial de Uni\u00f3n por la Patria, Sergio Massa, contin\u00faa su estrategia de hacer\u00a0 campa\u00f1a con resultados de gesti\u00f3n. Esta vez duran lo que podr\u00eda ser un spot electoral expres\u00f3 fuerte cr\u00edticas al gobierno anterior por el cr\u00e9dito que tom\u00f3 el&#8230;<\/p>\n","protected":false},"author":3,"featured_media":104185,"comment_status":"closed","ping_status":"closed","sticky":false,"template":"","format":"standard","meta":[],"categories":[18],"tags":[],"_links":{"self":[{"href":"https:\/\/www.actualidadadiario.com\/index.php\/wp-json\/wp\/v2\/posts\/104184"}],"collection":[{"href":"https:\/\/www.actualidadadiario.com\/index.php\/wp-json\/wp\/v2\/posts"}],"about":[{"href":"https:\/\/www.actualidadadiario.com\/index.php\/wp-json\/wp\/v2\/types\/post"}],"author":[{"embeddable":true,"href":"https:\/\/www.actualidadadiario.com\/index.php\/wp-json\/wp\/v2\/users\/3"}],"replies":[{"embeddable":true,"href":"https:\/\/www.actualidadadiario.com\/index.php\/wp-json\/wp\/v2\/comments?post=104184"}],"version-history":[{"count":1,"href":"https:\/\/www.actualidadadiario.com\/index.php\/wp-json\/wp\/v2\/posts\/104184\/revisions"}],"predecessor-version":[{"id":104186,"href":"https:\/\/www.actualidadadiario.com\/index.php\/wp-json\/wp\/v2\/posts\/104184\/revisions\/104186"}],"wp:featuredmedia":[{"embeddable":true,"href":"https:\/\/www.actualidadadiario.com\/index.php\/wp-json\/wp\/v2\/media\/104185"}],"wp:attachment":[{"href":"https:\/\/www.actualidadadiario.com\/index.php\/wp-json\/wp\/v2\/media?parent=104184"}],"wp:term":[{"taxonomy":"category","embeddable":true,"href":"https:\/\/www.actualidadadiario.com\/index.php\/wp-json\/wp\/v2\/categories?post=104184"},{"taxonomy":"post_tag","embeddable":true,"href":"https:\/\/www.actualidadadiario.com\/index.php\/wp-json\/wp\/v2\/tags?post=104184"}],"curies":[{"name":"wp","href":"https:\/\/api.w.org\/{rel}","templated":true}]}}