{"id":104181,"date":"2023-07-04T13:43:51","date_gmt":"2023-07-04T16:43:51","guid":{"rendered":"https:\/\/www.actualidadadiario.com\/?p=104181"},"modified":"2023-07-04T14:42:05","modified_gmt":"2023-07-04T17:42:05","slug":"alberto-fernandez-se-despidio-del-mercosur-con-un-llamado-a-cerrar-acuerdo-con-la-ue","status":"publish","type":"post","link":"https:\/\/www.actualidadadiario.com\/index.php\/2023\/07\/04\/alberto-fernandez-se-despidio-del-mercosur-con-un-llamado-a-cerrar-acuerdo-con-la-ue\/","title":{"rendered":"Alberto Fern\u00e1ndez se despidi\u00f3 del Mercosur con un llamado a cerrar acuerdo con la UE"},"content":{"rendered":"<p style=\"text-align: center;\"><em><strong>El Presidente dio comienzo a la 62\u00b0 Sesi\u00f3n Plenaria de la Cumbre de Jefas y Jefes de Estado del Mercosur y Estados Asociados, que se desarrolla en Puerto Iguaz\u00fa<\/strong><\/em><\/p>\n<p>&nbsp;<\/p>\n<p>&nbsp;<\/p>\n<p>El presidente Alberto Fern\u00e1ndez encabeza la 62\u00b0 Sesi\u00f3n Plenaria de la Cumbre de Jefas y Jefes de Estado del Mercosur y Estados Asociados en Puerto Iguaz\u00fa. En este marco dijo que &#8220;Argentina estima que el acuerdo entre el Mercosur y la Uni\u00f3n Europea representa una oportunidad&#8221; y afirm\u00f3 que se aspira a que &#8220;las negociaciones en marcha arrojen resultados equilibrados para todas las partes&#8221;.<\/p>\n<p>&#8220;Creemos que la profundizaci\u00f3n del v\u00ednculo entre ambas regiones es una acci\u00f3n pol\u00edtica importante en un contexto internacional de conflicto e incertidumbre creciente. El Acuerdo tambi\u00e9n significa una oportunidad concreta en el marco de la reconfiguraci\u00f3n de los mapas productivos, de nuevas tecnolog\u00edas y nuevos empleos que suponen las nuevas cadenas de valor&#8221;, indic\u00f3 el mandatario.<\/p>\n<p>&#8220;Es una enorme alegr\u00eda encontrarnos forma presencial, algo que no hab\u00edamos logrado en los \u00faltimos cuatro a\u00f1os&#8221;, dijo el Presidente al abrir la plenaria de la cumbre, a la que asisten los presidentes de Brasil, Luiz In\u00e1cio Lula da Silva; de Uruguay, Luis Lacalle Pou; de Paraguay, Mario Abdo Ben\u00edtez; y de Bolivia, Luis Arce; a quienes se sum\u00f3 el electo jefe de Estado paraguayo, Santiago Pe\u00f1a.<\/p>\n<p>En otro tramo de su discurso el Presidente sostuvo que no est\u00e1 &#8220;parado en el lugar aislacionista en el que algunos me quieren ver parado&#8221; y exhort\u00f3 a &#8220;integrarse al mundo no solo como proveedores de materias primas sino como exportadores de productos elaborados&#8221;.<\/p>\n<p>&#8220;Hablo de ser parte del mundo global con la fuerza de las econom\u00edas que se desarrollan y no con la debilidad de las que se primarizan. Nadie puede condenarnos a ser los proveedores de la materia prima que otros industrializan y luego nos venden a precios exorbitantes&#8221;, advirti\u00f3.<\/p>\n<p>&nbsp;<\/p>\n<p><strong>Alberto Fern\u00e1ndez encabeza encuentro del Mercosur en Puerto Iguaz\u00fa<\/strong><\/p>\n<p>El encuentro que encabezar\u00e1 Alberto Fern\u00e1ndez tendr\u00e1 la presencia de todos los mandatarios del bloque, algo que no sucede desde 2019, en la previa de la pandemia.<\/p>\n<p>El evento se desarrolla en el Parque Nacional Iguaz\u00fa y participan adem\u00e1s de los mandatarios de Argentina y Brasil, los presidentes de presidente de Uruguay, Luis Lacalle Pou; el actual jefe de Estado de Paraguay, Mario Abdo, y el mandatario electo Santiago Pe\u00f1a; Luis Arce de Bolivia. A ellos se suman funcionarios de los Estados asociados: Chile, Colombia, Ecuador, Guyana, Per\u00fa y Surinam.<\/p>\n<p>&nbsp;<\/p>\n<p><strong>Massa junto a Alberto Fern\u00e1ndez y reuni\u00f3n con gobernadores<\/strong><\/p>\n<p>Justamente, Massa acompa\u00f1ar\u00e1 a Fern\u00e1ndez en la jornada de este martes, en la inauguraci\u00f3n de la 62\u00b0 Sesi\u00f3n Plenaria del Mercosur. El precandidato presidencial de Uni\u00f3n por la Patria tiene como uno de los puntos de su agenda la participaci\u00f3n del evento de mandatarios de la regi\u00f3n.<\/p>\n<p>Massa se encuentra desde ayer en Iguaz\u00fa, donde, en el marco de la cumbre, encabez\u00f3 una reuni\u00f3n de ministros de Econom\u00eda y presidentes del Banco Central.<\/p>\n<p>En el marco de la LXII Reuni\u00f3n Ordinaria del Consejo del Mercado Com\u00fan y Cumbre de Jefas y Jefes de Estado del MERCOSUR y Estados Asociados, Christian Asinelli, vicepresidente corporativo de programaci\u00f3n estrat\u00e9gica de CAF &#8211; banco de desarrollo de Am\u00e9rica Latina, mantuvo un encuentro con Massa y el canciller de Paraguay (gobierno electo), Rub\u00e9n Ram\u00edrez, en el que dialogaron sobre los proyectos de integraci\u00f3n f\u00edsica entre Argentina y Paraguay y la necesidad de seguir fortaleciendo la integraci\u00f3n regional para promover el desarrollo econ\u00f3mico y social de los pa\u00edses del Cono Sur.<\/p>\n<p>&nbsp;<\/p>\n<p><strong>Reuni\u00f3n de ministros de Econom\u00eda y Presidentes de Bancos Centrales<\/strong><\/p>\n<p>Este lunes, Sergio Massa encabez\u00f3 en Iguaz\u00fa un encuentro con ministros de Econom\u00eda y presidentes de Bancos Centrales para coordinar el uso de monedas locales en el comercio del bloque, en el marco de la Reuni\u00f3n Ordinaria del Consejo Mercado Com\u00fan del Mercosur.<\/p>\n<p>El eje del mismo fue la convergencia macroecon\u00f3mica y moneda com\u00fan y la agenda de mejoras de los sistemas de pago como instrumento para el uso de las monedas locales. &#8220;Para fortalecer el comercio intra &#8211; Mercosur es fundamental consolidar los acuerdos en moneda local entre nuestros pa\u00edses&#8221;, dijo Massa.<\/p>\n<p>Tras el encuentro, Massa tuite\u00f3: &#8220;Planteamos la necesidad de consolidar los acuerdos en moneda local entre nuestros pa\u00edses, para fortalecer el comercio intra bloque y proteger a la regi\u00f3n de los shocks externos&#8221;.<\/p>\n<p>&#8220;Este bloque tiene un papel central en la producci\u00f3n y distribuci\u00f3n global de alimentos, minerales y energ\u00eda con valor agregado, por eso debemos trabajar en la integraci\u00f3n econ\u00f3mica y comercial para tener un papel protag\u00f3nico en la agenda internacional de los pr\u00f3ximos 10 a\u00f1os&#8221;, explic\u00f3 el ministro.<\/p>\n<p>El ministro estuvo acompa\u00f1ado por el secretario de Pol\u00edtica Econ\u00f3mica, Gabriel Rubinstein; su par de Asuntos Econ\u00f3micos y Financieros Internacionales, Marco Lavagna; el presidente del BCRA, Miguel Pesce; y el ex ministro de Agricultura, Ganader\u00eda y Pesca, Juli\u00e1n Dom\u00ednguez.<\/p>\n","protected":false},"excerpt":{"rendered":"<p>El Presidente dio comienzo a la 62\u00b0 Sesi\u00f3n Plenaria de la Cumbre de Jefas y Jefes de Estado del Mercosur y Estados Asociados, que se desarrolla en Puerto Iguaz\u00fa &nbsp; &nbsp; El presidente Alberto Fern\u00e1ndez encabeza la 62\u00b0 Sesi\u00f3n Plenaria de la Cumbre de Jefas y Jefes de Estado del Mercosur y Estados Asociados en Puerto Iguaz\u00fa. En este marco dijo que &#8220;Argentina estima que el acuerdo entre el Mercosur y la Uni\u00f3n Europea representa una oportunidad&#8221; y afirm\u00f3 que se aspira a que &#8220;las negociaciones en marcha arrojen resultados&#8230;<\/p>\n","protected":false},"author":3,"featured_media":104227,"comment_status":"closed","ping_status":"closed","sticky":false,"template":"","format":"standard","meta":[],"categories":[9],"tags":[],"_links":{"self":[{"href":"https:\/\/www.actualidadadiario.com\/index.php\/wp-json\/wp\/v2\/posts\/104181"}],"collection":[{"href":"https:\/\/www.actualidadadiario.com\/index.php\/wp-json\/wp\/v2\/posts"}],"about":[{"href":"https:\/\/www.actualidadadiario.com\/index.php\/wp-json\/wp\/v2\/types\/post"}],"author":[{"embeddable":true,"href":"https:\/\/www.actualidadadiario.com\/index.php\/wp-json\/wp\/v2\/users\/3"}],"replies":[{"embeddable":true,"href":"https:\/\/www.actualidadadiario.com\/index.php\/wp-json\/wp\/v2\/comments?post=104181"}],"version-history":[{"count":1,"href":"https:\/\/www.actualidadadiario.com\/index.php\/wp-json\/wp\/v2\/posts\/104181\/revisions"}],"predecessor-version":[{"id":104183,"href":"https:\/\/www.actualidadadiario.com\/index.php\/wp-json\/wp\/v2\/posts\/104181\/revisions\/104183"}],"wp:featuredmedia":[{"embeddable":true,"href":"https:\/\/www.actualidadadiario.com\/index.php\/wp-json\/wp\/v2\/media\/104227"}],"wp:attachment":[{"href":"https:\/\/www.actualidadadiario.com\/index.php\/wp-json\/wp\/v2\/media?parent=104181"}],"wp:term":[{"taxonomy":"category","embeddable":true,"href":"https:\/\/www.actualidadadiario.com\/index.php\/wp-json\/wp\/v2\/categories?post=104181"},{"taxonomy":"post_tag","embeddable":true,"href":"https:\/\/www.actualidadadiario.com\/index.php\/wp-json\/wp\/v2\/tags?post=104181"}],"curies":[{"name":"wp","href":"https:\/\/api.w.org\/{rel}","templated":true}]}}