{"id":104178,"date":"2023-07-04T13:42:54","date_gmt":"2023-07-04T16:42:54","guid":{"rendered":"https:\/\/www.actualidadadiario.com\/?p=104178"},"modified":"2023-07-04T13:42:54","modified_gmt":"2023-07-04T16:42:54","slug":"elecciones-2023-cual-sera-el-rol-de-cristina-kirchner-en-la-campana-electoral","status":"publish","type":"post","link":"https:\/\/www.actualidadadiario.com\/index.php\/2023\/07\/04\/elecciones-2023-cual-sera-el-rol-de-cristina-kirchner-en-la-campana-electoral\/","title":{"rendered":"Elecciones 2023: \u00bfcu\u00e1l ser\u00e1 el rol de Cristina Kirchner en la campa\u00f1a electoral?"},"content":{"rendered":"<p style=\"text-align: center;\"><em><strong>Desde distintos sectores de Uni\u00f3n por la Patria, reclaman una presencia m\u00e1s activa de la vicepresidenta en el apoyo de las candidaturas para las elecciones 2023. Primero fue M\u00e1ximo y ahora se sum\u00f3 Galmarini. Se espera otra foto con Massa en los pr\u00f3ximos d\u00edas<\/strong><\/em><\/p>\n<p>&nbsp;<\/p>\n<p>&nbsp;<\/p>\n<p>&nbsp;<\/p>\n<p>Tras el cierre de listas de Uni\u00f3n por la Patria, Cristina Kirchner se mostr\u00f3 junto al precandidato presidencial, Sergio Massa, en un acto que signific\u00f3 el aval a la f\u00f3rmula de unidad. Desde hace una semana que la vicepresidenta prefiere no mostrarse en p\u00fablico, lo que ya despert\u00f3 el reclamo del kirchnerismo para que se sume a la campa\u00f1a.<\/p>\n<p>Su hijo M\u00e1ximo Kirchner hizo el primer pedido a su madre en un acto en Hurlingham para que &#8220;les d\u00e9 una mano&#8221; en la campa\u00f1a bonaerense, donde \u00e9l es el primer candidato de diputado por la provincia de Buenos Aires.<\/p>\n<p>El diputado y presidente del PJ bonaerense cont\u00f3 que hab\u00eda intentado convencer a la expresidenta de que se sumara al acto. &#8220;Yo les quiero preguntar: \u00bfUstedes tienen ganas de que se meta en la campa\u00f1a Cristina?\u201d, pregunt\u00f3 a los militantes. Luego le pidi\u00f3 que &#8220;recorra los lugares y nos d\u00e9 una mano la compa\u00f1era que la necesitamos\u201d.<\/p>\n<p>En la misma l\u00ednea se expres\u00f3 la titular de Aysa y precandidata a intendenta de Tigre, Malena Galmarini, quien respald\u00f3 la iniciativa de M\u00e1ximo Kirchner. \u201cOjal\u00e1 que Cristina tenga ganas\u201d, expres\u00f3 la funcionaria.<\/p>\n<p>&#8220;No s\u00e9 si de ir todos los d\u00edas o ir a alg\u00fan lugar, pero s\u00ed acompa\u00f1ar como ella sienta que puede acompa\u00f1ar. \u00bfC\u00f3mo no le vamos a pedir que nos d\u00e9 una mano?\u201d, insisti\u00f3 Galmarini al recordar que la vicepresidenta sufri\u00f3 \u201cla persecuci\u00f3n judicial, la salud de su familia y el fallecimiento de su compa\u00f1ero y su mam\u00e1\u201d. La dirigente peronista resalt\u00f3 que ser\u00eda importante que Cristina est\u00e9 al lado de Massa porque ella es \u201cla dirigente con m\u00e1s votos duros dentro de nuestro espacio y que tiene toda la experiencia\u201d de sus dos presidencias.<\/p>\n<p>Cristina tuvo un rol protag\u00f3nico en cada una de las decisiones de la estrategia electoral del oficialismo. La expresidenta encabez\u00f3 las negociaciones para lograr un candidato de unidad, y pregon\u00f3 por el cambio del nombre del frente a Uni\u00f3n por la Patria. La semana pasada recibi\u00f3 el embajador de Brasil, Daniel Scioli, en su despacho del Senado luego de haber quedado fuera de las listas. El gesto lo repitieron Massa y hasta Alberto Fern\u00e1ndez en la Rosada.<\/p>\n<p>Las intervenciones se esperan para los pr\u00f3ximos d\u00edas cuando quedan 40 d\u00edas para las elecciones primarias del 13 de agosto. En las anteriores campa\u00f1as de 2019 y del 2021, Cristina tuvo un mayor protagonismo en el territorio bonaerense, el distrito electoral m\u00e1s importante del pa\u00eds.<\/p>\n<p>Se especula que la vicepresidenta acompa\u00f1e al precandidato Massa en el acto del 9 de julio para la inauguraci\u00f3n formal del gasoducto N\u00e9stor Kirchner, uno de los anuncios m\u00e1s importantes para el equipo econ\u00f3mico. All\u00ed habr\u00eda otra foto de unidad de la lista de Uni\u00f3n por la Patria.<\/p>\n","protected":false},"excerpt":{"rendered":"<p>Desde distintos sectores de Uni\u00f3n por la Patria, reclaman una presencia m\u00e1s activa de la vicepresidenta en el apoyo de las candidaturas para las elecciones 2023. Primero fue M\u00e1ximo y ahora se sum\u00f3 Galmarini. Se espera otra foto con Massa en los pr\u00f3ximos d\u00edas &nbsp; &nbsp; &nbsp; Tras el cierre de listas de Uni\u00f3n por la Patria, Cristina Kirchner se mostr\u00f3 junto al precandidato presidencial, Sergio Massa, en un acto que signific\u00f3 el aval a la f\u00f3rmula de unidad. Desde hace una semana que la vicepresidenta prefiere no mostrarse en&#8230;<\/p>\n","protected":false},"author":3,"featured_media":104179,"comment_status":"closed","ping_status":"closed","sticky":false,"template":"","format":"standard","meta":[],"categories":[9],"tags":[],"_links":{"self":[{"href":"https:\/\/www.actualidadadiario.com\/index.php\/wp-json\/wp\/v2\/posts\/104178"}],"collection":[{"href":"https:\/\/www.actualidadadiario.com\/index.php\/wp-json\/wp\/v2\/posts"}],"about":[{"href":"https:\/\/www.actualidadadiario.com\/index.php\/wp-json\/wp\/v2\/types\/post"}],"author":[{"embeddable":true,"href":"https:\/\/www.actualidadadiario.com\/index.php\/wp-json\/wp\/v2\/users\/3"}],"replies":[{"embeddable":true,"href":"https:\/\/www.actualidadadiario.com\/index.php\/wp-json\/wp\/v2\/comments?post=104178"}],"version-history":[{"count":1,"href":"https:\/\/www.actualidadadiario.com\/index.php\/wp-json\/wp\/v2\/posts\/104178\/revisions"}],"predecessor-version":[{"id":104180,"href":"https:\/\/www.actualidadadiario.com\/index.php\/wp-json\/wp\/v2\/posts\/104178\/revisions\/104180"}],"wp:featuredmedia":[{"embeddable":true,"href":"https:\/\/www.actualidadadiario.com\/index.php\/wp-json\/wp\/v2\/media\/104179"}],"wp:attachment":[{"href":"https:\/\/www.actualidadadiario.com\/index.php\/wp-json\/wp\/v2\/media?parent=104178"}],"wp:term":[{"taxonomy":"category","embeddable":true,"href":"https:\/\/www.actualidadadiario.com\/index.php\/wp-json\/wp\/v2\/categories?post=104178"},{"taxonomy":"post_tag","embeddable":true,"href":"https:\/\/www.actualidadadiario.com\/index.php\/wp-json\/wp\/v2\/tags?post=104178"}],"curies":[{"name":"wp","href":"https:\/\/api.w.org\/{rel}","templated":true}]}}