{"id":104159,"date":"2023-07-03T15:35:48","date_gmt":"2023-07-03T18:35:48","guid":{"rendered":"https:\/\/www.actualidadadiario.com\/?p=104159"},"modified":"2023-07-03T15:35:48","modified_gmt":"2023-07-03T18:35:48","slug":"ante-los-disturbios-reforzaron-la-seguridad-en-la-infraestructura-de-los-juegos-olimpicos","status":"publish","type":"post","link":"https:\/\/www.actualidadadiario.com\/index.php\/2023\/07\/03\/ante-los-disturbios-reforzaron-la-seguridad-en-la-infraestructura-de-los-juegos-olimpicos\/","title":{"rendered":"Ante los disturbios, reforzaron la seguridad en la infraestructura de los Juegos Ol\u00edmpicos"},"content":{"rendered":"<p style=\"text-align: center;\"><em><strong>La ministra de Deportes, Am\u00e9lie Oud\u00e9a-Castera, inform\u00f3 que la custodia de las sedes ol\u00edmpicas fue \u00abligeramente reforzada\u00bb despu\u00e9s de las jornadas de disturbios desencadenadas por el caso del joven Nahel, \u00faltimado a quemarropa por un polic\u00eda<\/strong><\/em><\/p>\n<p>&nbsp;<\/p>\n<p>&nbsp;<\/p>\n<p>Las infraestructuras de los Juegos Ol\u00edmpicos previstos el a\u00f1o pr\u00f3ximo en Par\u00eds reforzaron su seguridad como efecto de la ola de violencia en diferentes ciudades de Francia tras la muerte de un joven descendiente de inmigrantes, quien fue baleado por la polic\u00eda el martes pasado durante un control de tr\u00e1nsito en la capital de ese pa\u00eds.<\/p>\n<p>La ministra de Deportes, Am\u00e9lie Oud\u00e9a-Castera, inform\u00f3 que la custodia de las sedes ol\u00edmpicas fue \u201cligeramente reforzada\u201d despu\u00e9s de las jornadas de disturbios que dejaron como saldo unos 3.200 detenidos, m\u00e1s de 700 agentes heridos, unos 5.000 veh\u00edculos incendiados, 10.000 basureros quemados y casi 1.000 edificios da\u00f1ados en todo el territorio.<\/p>\n<p>\u201cEn el marco de los Juegos Ol\u00edmpicos y Paral\u00edmpicos, hemos tomado medidas estos \u00faltimos d\u00edas para reforzar a\u00fan m\u00e1s la protecci\u00f3n de las infraestructuras\u201d, indic\u00f3 la funcionaria este lunes en un acto sobre violencias en el deporte.<\/p>\n<p>Oud\u00e9a-Castera lament\u00f3 la imagen proyectada al mundo con las manifestaciones y remarc\u00f3 como prioritario el restablecimiento de la paz social. \u201cLo que pasa evidentemente no es bueno para la imagen de Francia, pero hay prioridades: el regreso del orden republicano, el final de la violencia\u201d, indic\u00f3.<\/p>\n<p>La ministra relativiz\u00f3 las consecuencias de las protestas en la organizaci\u00f3n de los Juegos, al recordar la experiencia en el Reino Unido hace una d\u00e9cada: \u201cEventos de este tipo ya se hab\u00edan producido casi un a\u00f1o antes de los Juegos de Londres (2012), con manifestaciones de violencia muy fuertes, y la edici\u00f3n de los Juegos fue muy positiva\u201d.<\/p>\n<p>El gobierno de Par\u00eds descart\u00f3 que la violencia pueda alterar el desarrollo de la cita ol\u00edmpica, pero s\u00ed admiti\u00f3 su preocupaci\u00f3n por el actual contexto de violencia urbana.<\/p>\n<p>\u201cEstamos a un a\u00f1o de los Juegos. No hay que confundir los plazos\u201d, dijo este lunes el primer adjunto de la alcald\u00eda, Emmanuel Gr\u00e9goire, durante la presentaci\u00f3n del recorrido de la llama ol\u00edmpica, seg\u00fan consign\u00f3 la agencia Afp.<\/p>\n<p>Algunas sedes de Par\u00eds 2024 se encuentran en barrios sensibles en los que se registraron graves disturbios por el crimen a quemarropa de Nahel M, un adolescente de 17 a\u00f1os.<\/p>\n","protected":false},"excerpt":{"rendered":"<p>La ministra de Deportes, Am\u00e9lie Oud\u00e9a-Castera, inform\u00f3 que la custodia de las sedes ol\u00edmpicas fue \u00abligeramente reforzada\u00bb despu\u00e9s de las jornadas de disturbios desencadenadas por el caso del joven Nahel, \u00faltimado a quemarropa por un polic\u00eda &nbsp; &nbsp; Las infraestructuras de los Juegos Ol\u00edmpicos previstos el a\u00f1o pr\u00f3ximo en Par\u00eds reforzaron su seguridad como efecto de la ola de violencia en diferentes ciudades de Francia tras la muerte de un joven descendiente de inmigrantes, quien fue baleado por la polic\u00eda el martes pasado durante un control de tr\u00e1nsito en la&#8230;<\/p>\n","protected":false},"author":3,"featured_media":104160,"comment_status":"closed","ping_status":"closed","sticky":false,"template":"","format":"standard","meta":[],"categories":[4],"tags":[],"_links":{"self":[{"href":"https:\/\/www.actualidadadiario.com\/index.php\/wp-json\/wp\/v2\/posts\/104159"}],"collection":[{"href":"https:\/\/www.actualidadadiario.com\/index.php\/wp-json\/wp\/v2\/posts"}],"about":[{"href":"https:\/\/www.actualidadadiario.com\/index.php\/wp-json\/wp\/v2\/types\/post"}],"author":[{"embeddable":true,"href":"https:\/\/www.actualidadadiario.com\/index.php\/wp-json\/wp\/v2\/users\/3"}],"replies":[{"embeddable":true,"href":"https:\/\/www.actualidadadiario.com\/index.php\/wp-json\/wp\/v2\/comments?post=104159"}],"version-history":[{"count":1,"href":"https:\/\/www.actualidadadiario.com\/index.php\/wp-json\/wp\/v2\/posts\/104159\/revisions"}],"predecessor-version":[{"id":104161,"href":"https:\/\/www.actualidadadiario.com\/index.php\/wp-json\/wp\/v2\/posts\/104159\/revisions\/104161"}],"wp:featuredmedia":[{"embeddable":true,"href":"https:\/\/www.actualidadadiario.com\/index.php\/wp-json\/wp\/v2\/media\/104160"}],"wp:attachment":[{"href":"https:\/\/www.actualidadadiario.com\/index.php\/wp-json\/wp\/v2\/media?parent=104159"}],"wp:term":[{"taxonomy":"category","embeddable":true,"href":"https:\/\/www.actualidadadiario.com\/index.php\/wp-json\/wp\/v2\/categories?post=104159"},{"taxonomy":"post_tag","embeddable":true,"href":"https:\/\/www.actualidadadiario.com\/index.php\/wp-json\/wp\/v2\/tags?post=104159"}],"curies":[{"name":"wp","href":"https:\/\/api.w.org\/{rel}","templated":true}]}}