{"id":104153,"date":"2023-07-03T15:34:14","date_gmt":"2023-07-03T18:34:14","guid":{"rendered":"https:\/\/www.actualidadadiario.com\/?p=104153"},"modified":"2023-07-03T15:34:14","modified_gmt":"2023-07-03T18:34:14","slug":"francisco-indignado-por-la-quema-publica-del-coran-en-suecia","status":"publish","type":"post","link":"https:\/\/www.actualidadadiario.com\/index.php\/2023\/07\/03\/francisco-indignado-por-la-quema-publica-del-coran-en-suecia\/","title":{"rendered":"Francisco, \u201cindignado\u201d por la quema p\u00fablica del Cor\u00e1n en Suecia"},"content":{"rendered":"<p style=\"text-align: center;\"><em><strong>La quema de un Cor\u00e1n en Suecia a manos de un iraqu\u00ed de 37 a\u00f1os frente a una mezquita suscit\u00f3 la reacci\u00f3n p\u00fablica del Papa, quien admiti\u00f3 sentirse \u00abindignado\u00bb y afirm\u00f3 que \u00abcualquier libro considerado sagrado por su gente debe ser respetado\u00bb<\/strong><\/em><\/p>\n<p>&nbsp;<\/p>\n<p>&nbsp;<\/p>\n<p>\u00abEstoy indignado y disgustado por tales acciones. Cualquier libro considerado sagrado por su gente debe ser respetado por respeto a quienes creen en \u00e9l. La libertad de expresi\u00f3n nunca debe usarse como excusa para ofender a otros\u00bb, afirm\u00f3 el Pont\u00edfice en una entrevista concedida al director del peri\u00f3dico de los Emiratos \u00c1rabes Unidos Al Ittihad, Hamad Al Kaabi.<\/p>\n<p>Nadie puede sorprenderse de la reacci\u00f3n del Pont\u00edfice, quien en su d\u00eda firm\u00f3 en Abu Dabi un Pacto por la Fraternidad de las Religiones con el gran im\u00e1n de Al Azhar, documento del que se sinti\u00f3 tan satisfecho como para encomendar que se leyera en todas las universidades cat\u00f3licas.<\/p>\n<p>Lo \u00fanico desconcertante aqu\u00ed es que salimos de un mes que el mundo ha dedicado al \u2018orgullo\u2019 LGTBI en cuyas marchas se ha profanado abundantemente cosas que los cat\u00f3licos consideramos sagrado, sin que tengamos noticia p\u00fablica de la indignaci\u00f3n del Santo Padre. Por el contrario, su \u00fanica reacci\u00f3n conocida a este mes dedicado a dos pecados capitales ha sido la carta manuscrita que ha enviado a James Martin felicit\u00e1ndole por su labor de \u2018acogida\u2019, dig\u00e1moslo as\u00ed, de homosexuales activos en la Iglesia.<\/p>\n","protected":false},"excerpt":{"rendered":"<p>La quema de un Cor\u00e1n en Suecia a manos de un iraqu\u00ed de 37 a\u00f1os frente a una mezquita suscit\u00f3 la reacci\u00f3n p\u00fablica del Papa, quien admiti\u00f3 sentirse \u00abindignado\u00bb y afirm\u00f3 que \u00abcualquier libro considerado sagrado por su gente debe ser respetado\u00bb &nbsp; &nbsp; \u00abEstoy indignado y disgustado por tales acciones. Cualquier libro considerado sagrado por su gente debe ser respetado por respeto a quienes creen en \u00e9l. La libertad de expresi\u00f3n nunca debe usarse como excusa para ofender a otros\u00bb, afirm\u00f3 el Pont\u00edfice en una entrevista concedida al director&#8230;<\/p>\n","protected":false},"author":3,"featured_media":104154,"comment_status":"closed","ping_status":"closed","sticky":false,"template":"","format":"standard","meta":[],"categories":[4],"tags":[],"_links":{"self":[{"href":"https:\/\/www.actualidadadiario.com\/index.php\/wp-json\/wp\/v2\/posts\/104153"}],"collection":[{"href":"https:\/\/www.actualidadadiario.com\/index.php\/wp-json\/wp\/v2\/posts"}],"about":[{"href":"https:\/\/www.actualidadadiario.com\/index.php\/wp-json\/wp\/v2\/types\/post"}],"author":[{"embeddable":true,"href":"https:\/\/www.actualidadadiario.com\/index.php\/wp-json\/wp\/v2\/users\/3"}],"replies":[{"embeddable":true,"href":"https:\/\/www.actualidadadiario.com\/index.php\/wp-json\/wp\/v2\/comments?post=104153"}],"version-history":[{"count":1,"href":"https:\/\/www.actualidadadiario.com\/index.php\/wp-json\/wp\/v2\/posts\/104153\/revisions"}],"predecessor-version":[{"id":104155,"href":"https:\/\/www.actualidadadiario.com\/index.php\/wp-json\/wp\/v2\/posts\/104153\/revisions\/104155"}],"wp:featuredmedia":[{"embeddable":true,"href":"https:\/\/www.actualidadadiario.com\/index.php\/wp-json\/wp\/v2\/media\/104154"}],"wp:attachment":[{"href":"https:\/\/www.actualidadadiario.com\/index.php\/wp-json\/wp\/v2\/media?parent=104153"}],"wp:term":[{"taxonomy":"category","embeddable":true,"href":"https:\/\/www.actualidadadiario.com\/index.php\/wp-json\/wp\/v2\/categories?post=104153"},{"taxonomy":"post_tag","embeddable":true,"href":"https:\/\/www.actualidadadiario.com\/index.php\/wp-json\/wp\/v2\/tags?post=104153"}],"curies":[{"name":"wp","href":"https:\/\/api.w.org\/{rel}","templated":true}]}}