{"id":104150,"date":"2023-07-03T15:33:27","date_gmt":"2023-07-03T18:33:27","guid":{"rendered":"https:\/\/www.actualidadadiario.com\/?p=104150"},"modified":"2023-07-03T15:33:27","modified_gmt":"2023-07-03T18:33:27","slug":"moscu-informo-que-700-000-ninos-de-las-zonas-de-conflicto-de-ucrania-ahora-estan-en-rusia","status":"publish","type":"post","link":"https:\/\/www.actualidadadiario.com\/index.php\/2023\/07\/03\/moscu-informo-que-700-000-ninos-de-las-zonas-de-conflicto-de-ucrania-ahora-estan-en-rusia\/","title":{"rendered":"Mosc\u00fa inform\u00f3 que 700.000 ni\u00f1os de las zonas de conflicto de Ucrania ahora est\u00e1n en Rusia"},"content":{"rendered":"<p style=\"text-align: center;\"><em><strong>La mayor parte del movimiento de personas y ni\u00f1os ocurri\u00f3 en los primeros meses de la guerra y antes de que Ucrania comenzara su gran contraofensiva<\/strong><\/em><\/p>\n<p>&nbsp;<\/p>\n<p>&nbsp;<\/p>\n<p>Rusia moviliz\u00f3 a unos 700.000 ni\u00f1os de las zonas de conflicto en Ucrania a su territorio, inform\u00f3 Grigory Karasin, jefe del comit\u00e9 internacional en el Consejo de la Federaci\u00f3n, la c\u00e1mara alta del parlamento ruso.<\/p>\n<p>\u201cEn los \u00faltimos a\u00f1os, 700.000 ni\u00f1os han encontrado refugio con nosotros, huyendo de los bombardeos y bombardeos de las zonas de conflicto en Ucrania\u201d, escribi\u00f3 Karasin en su canal de mensajes de Telegram.<\/p>\n<p>Tras haber lanzado una invasi\u00f3n a gran escala en su vecino occidental Ucrania en febrero de 2022, Mosc\u00fa alega que su programa de movilizar ni\u00f1os de aquel pa\u00eds al territorio ruso es para proteger a los hu\u00e9rfanos y ni\u00f1os abandonados en la zona de conflicto.<\/p>\n<p>Sin embargo, Ucrania dice que muchos ni\u00f1os fueron deportados ilegalmente y los Estados Unidos acusa que miles de fueron a la fuerza de sus hogares.<\/p>\n<p>La mayor parte del movimiento de personas y ni\u00f1os ocurri\u00f3 en los primeros meses de la guerra y antes de que Ucrania comenzara su gran contraofensiva para recuperar los territorios ocupados en el este y el sur a fines de agosto.<\/p>\n<p>En julio de 2022, los Estados Unidos estimaron que Rusia &#8220;deport\u00f3 por la fuerza&#8221; a 260.000 ni\u00f1os, mientras que el Ministerio de Integraci\u00f3n de los Territorios Ocupados de Ucrania dice que 19.492 ni\u00f1os ucranianos se consideran actualmente deportados ilegalmente.<\/p>\n","protected":false},"excerpt":{"rendered":"<p>La mayor parte del movimiento de personas y ni\u00f1os ocurri\u00f3 en los primeros meses de la guerra y antes de que Ucrania comenzara su gran contraofensiva &nbsp; &nbsp; Rusia moviliz\u00f3 a unos 700.000 ni\u00f1os de las zonas de conflicto en Ucrania a su territorio, inform\u00f3 Grigory Karasin, jefe del comit\u00e9 internacional en el Consejo de la Federaci\u00f3n, la c\u00e1mara alta del parlamento ruso. \u201cEn los \u00faltimos a\u00f1os, 700.000 ni\u00f1os han encontrado refugio con nosotros, huyendo de los bombardeos y bombardeos de las zonas de conflicto en Ucrania\u201d, escribi\u00f3 Karasin en&#8230;<\/p>\n","protected":false},"author":3,"featured_media":104151,"comment_status":"closed","ping_status":"closed","sticky":false,"template":"","format":"standard","meta":[],"categories":[4],"tags":[],"_links":{"self":[{"href":"https:\/\/www.actualidadadiario.com\/index.php\/wp-json\/wp\/v2\/posts\/104150"}],"collection":[{"href":"https:\/\/www.actualidadadiario.com\/index.php\/wp-json\/wp\/v2\/posts"}],"about":[{"href":"https:\/\/www.actualidadadiario.com\/index.php\/wp-json\/wp\/v2\/types\/post"}],"author":[{"embeddable":true,"href":"https:\/\/www.actualidadadiario.com\/index.php\/wp-json\/wp\/v2\/users\/3"}],"replies":[{"embeddable":true,"href":"https:\/\/www.actualidadadiario.com\/index.php\/wp-json\/wp\/v2\/comments?post=104150"}],"version-history":[{"count":1,"href":"https:\/\/www.actualidadadiario.com\/index.php\/wp-json\/wp\/v2\/posts\/104150\/revisions"}],"predecessor-version":[{"id":104152,"href":"https:\/\/www.actualidadadiario.com\/index.php\/wp-json\/wp\/v2\/posts\/104150\/revisions\/104152"}],"wp:featuredmedia":[{"embeddable":true,"href":"https:\/\/www.actualidadadiario.com\/index.php\/wp-json\/wp\/v2\/media\/104151"}],"wp:attachment":[{"href":"https:\/\/www.actualidadadiario.com\/index.php\/wp-json\/wp\/v2\/media?parent=104150"}],"wp:term":[{"taxonomy":"category","embeddable":true,"href":"https:\/\/www.actualidadadiario.com\/index.php\/wp-json\/wp\/v2\/categories?post=104150"},{"taxonomy":"post_tag","embeddable":true,"href":"https:\/\/www.actualidadadiario.com\/index.php\/wp-json\/wp\/v2\/tags?post=104150"}],"curies":[{"name":"wp","href":"https:\/\/api.w.org\/{rel}","templated":true}]}}