{"id":104144,"date":"2023-07-03T15:31:36","date_gmt":"2023-07-03T18:31:36","guid":{"rendered":"https:\/\/www.actualidadadiario.com\/?p=104144"},"modified":"2023-07-03T15:31:36","modified_gmt":"2023-07-03T18:31:36","slug":"los-pueblos-originarios-de-jujuy-mantienen-cortes-de-ruta","status":"publish","type":"post","link":"https:\/\/www.actualidadadiario.com\/index.php\/2023\/07\/03\/los-pueblos-originarios-de-jujuy-mantienen-cortes-de-ruta\/","title":{"rendered":"Los pueblos originarios de Jujuy mantienen cortes de ruta"},"content":{"rendered":"<p style=\"text-align: center;\"><em><strong>No se trata s\u00f3lo un corte de ruta m\u00e1s, ya que a ese hecho hist\u00f3rico lo llaman &#8220;El tercer mal\u00f3n de la paz&#8221;. El primero fue en 1946 y el segundo en 2006<\/strong><\/em><\/p>\n<p>&nbsp;<\/p>\n<p>&nbsp;<\/p>\n<p>Integrantes de los pueblos ind\u00edgenas de Jujuy manten\u00edan este lunes, 11 cortes de ruta en gran parte de la provincia contra la reforma constitucional aprobada y jurada el 20 de junio pasado, y en defensa de sus derechos, territorios y recursos naturales.<\/p>\n<p>La comunidades convocadas por el Tercer Mal\u00f3n de la Paz ratificaron la unidad de los pueblos originarios al frente de esta lucha y se manifestaron con ceremonias ancestrales durante el fin de semana, una de ellas en el cruce de la ruta nacional 9 y la ruta nacional 52, en la entrada al pueblo de Purmamarca.<\/p>\n<p>&#8220;Tenemos que ser constantes, estamos en la lucha para que la provincia se ponga en pie, no podemos detenernos, necesitamos vivir intensamente y ser felices&#8221;, expres\u00f3 el vocero del mal\u00f3n de la paz Robinson Su\u00e1rez desde esa localidad, situada a 65 kil\u00f3metros de San Salvador de Jujuy, donde hace dos semanas se registr\u00f3 una violenta represi\u00f3n policial, con numerosos detenidos y heridos.<\/p>\n<p>El malonero invoc\u00f3 a la Pachamama (Madre Tierra) para que les brinde la protecci\u00f3n y cuide de sus vidas y no les falte agua, tierras, ni monta\u00f1as frente a &#8220;empresarios que quieren destruir todo eso, si se contamina todo esto no habr\u00e1 vida para los ind\u00edgenas ni para los juje\u00f1os&#8221;.<\/p>\n<p>&nbsp;<\/p>\n<p><strong>D\u00f3nde son los cortes<\/strong><\/p>\n<p>En esa localidad, el corte se viene registrando de forma total, con apertura al tr\u00e1nsito cada tres horas.<\/p>\n<p>Sobre la ruta nacional 9 tambi\u00e9n hay piquetes en Tilcara, en el paraje San Roque y en el acceso a la localidad de Iturbe, mientras que en La Quiaca y Abra Pampa la circulaci\u00f3n se permit\u00eda cada 4 y 5 horas respectivamente.<\/p>\n<p>Tambi\u00e9n se registran cortes totales de la ruta nacional 52, en la localidad de Susques y en el acceso a Cauchari; en la ruta nacional 40, en el acceso a la localidad de Coranzul\u00ed (Susques), y en la ruta nacional 34 a la altura del puente San Lorenzo en Libertador General San Mart\u00edn, con habilitaciones al tr\u00e1nsito cada 3 o 6 horas.<\/p>\n<p>&#8220;Tenemos que ser fuertes y nunca agacharnos ante nadie por m\u00e1s autoridad que tenga, hay que sostener nuestros valores y la dignidad de ser originario y representar a esta pacha que nos sostiene, que nos ha dado la vida y nos mantiene unidos&#8221;, expres\u00f3 otro de comuneros en el corte de Purmamarca.<\/p>\n<p>Entre todos los presentes, realizaron un pedido conjunto &#8220;a los creadores de la vida para que nuestro pueblo logre voltear esa reforma y volvamos a vivir con respeto, donde las voces de los maestros sean escuchados como al resto de los sectores&#8221;.<\/p>\n<p>En cuanto al reclamo de los trabajadores estatales, la Asociaci\u00f3n de Educadores Provinciales (Adep), el gremio que agrupa a los maestros, decidi\u00f3 ayer continuar con las medidas de fuerza de paro por tiempo indeterminado en reclamo de aumentos salariales y en rechazo y derogaci\u00f3n de la reforma constitucional impulsada por el gobierno de Gerardo Morales.<\/p>\n","protected":false},"excerpt":{"rendered":"<p>No se trata s\u00f3lo un corte de ruta m\u00e1s, ya que a ese hecho hist\u00f3rico lo llaman &#8220;El tercer mal\u00f3n de la paz&#8221;. El primero fue en 1946 y el segundo en 2006 &nbsp; &nbsp; Integrantes de los pueblos ind\u00edgenas de Jujuy manten\u00edan este lunes, 11 cortes de ruta en gran parte de la provincia contra la reforma constitucional aprobada y jurada el 20 de junio pasado, y en defensa de sus derechos, territorios y recursos naturales. La comunidades convocadas por el Tercer Mal\u00f3n de la Paz ratificaron la unidad&#8230;<\/p>\n","protected":false},"author":3,"featured_media":104145,"comment_status":"closed","ping_status":"closed","sticky":false,"template":"","format":"standard","meta":[],"categories":[2],"tags":[],"_links":{"self":[{"href":"https:\/\/www.actualidadadiario.com\/index.php\/wp-json\/wp\/v2\/posts\/104144"}],"collection":[{"href":"https:\/\/www.actualidadadiario.com\/index.php\/wp-json\/wp\/v2\/posts"}],"about":[{"href":"https:\/\/www.actualidadadiario.com\/index.php\/wp-json\/wp\/v2\/types\/post"}],"author":[{"embeddable":true,"href":"https:\/\/www.actualidadadiario.com\/index.php\/wp-json\/wp\/v2\/users\/3"}],"replies":[{"embeddable":true,"href":"https:\/\/www.actualidadadiario.com\/index.php\/wp-json\/wp\/v2\/comments?post=104144"}],"version-history":[{"count":1,"href":"https:\/\/www.actualidadadiario.com\/index.php\/wp-json\/wp\/v2\/posts\/104144\/revisions"}],"predecessor-version":[{"id":104146,"href":"https:\/\/www.actualidadadiario.com\/index.php\/wp-json\/wp\/v2\/posts\/104144\/revisions\/104146"}],"wp:featuredmedia":[{"embeddable":true,"href":"https:\/\/www.actualidadadiario.com\/index.php\/wp-json\/wp\/v2\/media\/104145"}],"wp:attachment":[{"href":"https:\/\/www.actualidadadiario.com\/index.php\/wp-json\/wp\/v2\/media?parent=104144"}],"wp:term":[{"taxonomy":"category","embeddable":true,"href":"https:\/\/www.actualidadadiario.com\/index.php\/wp-json\/wp\/v2\/categories?post=104144"},{"taxonomy":"post_tag","embeddable":true,"href":"https:\/\/www.actualidadadiario.com\/index.php\/wp-json\/wp\/v2\/tags?post=104144"}],"curies":[{"name":"wp","href":"https:\/\/api.w.org\/{rel}","templated":true}]}}