{"id":104135,"date":"2023-07-03T13:57:31","date_gmt":"2023-07-03T16:57:31","guid":{"rendered":"https:\/\/www.actualidadadiario.com\/?p=104135"},"modified":"2023-07-03T13:57:31","modified_gmt":"2023-07-03T16:57:31","slug":"scioli-tras-su-incorporacion-al-equipo-de-massa-no-es-ningun-premio-consuelo","status":"publish","type":"post","link":"https:\/\/www.actualidadadiario.com\/index.php\/2023\/07\/03\/scioli-tras-su-incorporacion-al-equipo-de-massa-no-es-ningun-premio-consuelo\/","title":{"rendered":"Scioli, tras su incorporaci\u00f3n al equipo de Massa: &#8220;No es ning\u00fan premio consuelo&#8221;"},"content":{"rendered":"<p style=\"text-align: center;\"><em><strong>El embajador argentino en Brasil asegur\u00f3 adem\u00e1s que con el titular del Palacio de Hacienda y precandidato a presidente lograron encontrar coincidencias<\/strong><\/em><\/p>\n<p>&nbsp;<\/p>\n<p>&nbsp;<\/p>\n<p>El embajador en Brasil y flamante funcionario del Ministerio de Econom\u00eda, Daniel Scioli habl\u00f3 luego de que el titular de la cartera, Sergio Massa, quien adem\u00e1s es el precandidato a presidente de Uni\u00f3n por la Patria, le ofreciera la posibilidad de ser asesor especial del ministerio para la agenda internacional. &#8220;No es un premio consuelo&#8221;, expuso luego de que bajara su lista a competir en una PASO por el espacio.<\/p>\n<p>&#8220;He tomado esta decisi\u00f3n con un alto grado de responsabilidad, con compromiso colectivo, con la claridad que tengo de lo que discute la elecci\u00f3n presidencial&#8221;, manifest\u00f3 el embajador en declaraciones radiales y agreg\u00f3: &#8220;Siempre he buscado ser un factor de unidad, no agregar m\u00e1s problemas, de ponerme al servicio de la Argentina, con mi experiencia potenciada en la misi\u00f3n de Brasil en la cual Sergio siempre ha sido muy elogioso en este trabajo&#8221;.<\/p>\n<p>Tras una serie de reuniones que protagoniz\u00f3 en la \u00faltima semana en las que incluye la visita al Senado junto a la vicepresidenta Cristina Kirchner, dos encuentros con el presidente Alberto Fern\u00e1ndez y una foto de unidad en las puertas del Palacio de Hacienda con Massa, Scioli enfatiz\u00f3 en que la coincidencia est\u00e1 en la necesidad de &#8220;encausar al pa\u00eds&#8221;.<\/p>\n<p>Respecto a la campa\u00f1a que encabezar\u00e1 la f\u00f3rmula presidencial Sergio Massa &#8211; Agust\u00edn Rossi, el embajador plante\u00f3: &#8220;Estoy a disposici\u00f3n para ayudar. Me van a ver comprometido, ayudando en todo lo que puedo colaborar y estoy absolutamente convencido al ver las distintas propuestas&#8221;.<\/p>\n<p>&#8220;Ac\u00e1 hay un plan de desarrollo del pa\u00eds que he hablado profundamente con Massa y hemos encontrado las coincidencias en lo que se viene del pa\u00eds. Seguimos avanzando y no volvemos atr\u00e1s. Hemos pasado la mitad del r\u00edo y no volvamos a la orilla&#8221;, insisti\u00f3 en declaraciones radiales.<\/p>\n<p>En la misma l\u00ednea, el exgobernador remarc\u00f3: &#8220;Les pido a los trabajadores que vayan a votar en defensa propia, a defender el trabajo, sabiendo que les preocupa el salario, y que tengan la confianza de que en este camino lo vamos a resolver. Tambi\u00e9n a las Pymes que abrieron la persiana en estos \u00faltimos a\u00f1os&#8221;.<\/p>\n<p>En otro pasaje de la entrevista, detall\u00f3 que la Vicepresidenta durante el intercambio en el Senado elogi\u00f3 su &#8220;compromiso&#8221; y desempe\u00f1o como embajador en Brasil bajo el gobierno de Jair Bolsonaro. &#8220;Quiero transmitir tranquilidad, compromiso, experiencia y responsabilidad. No quiero ser un factor que agregue m\u00e1s preocupaciones de las que la gente ya tiene&#8221;, repiti\u00f3 quien debi\u00f3 bajar su precandidatura presidencial para potenciar una f\u00f3rmula de unidad mayoritaria.<\/p>\n<p>&#8220;El hecho de que vean, despu\u00e9s de todo lo que ha ocurrido, que estoy parado en este lugar irradia ciertas expectativas. La gente sabe lo que pas\u00f3, escuchan mi silencio, pero saben mi decisi\u00f3n y que estoy a la altura de lo que necesita el pa\u00eds&#8221;, indic\u00f3.<\/p>\n<p>Por \u00faltimo, Scioli revel\u00f3 que publicar\u00e1 un libro sobre la diplomacia ejecutiva y revel\u00f3 que Sergio Massa le pidi\u00f3 estar presente en el lanzamiento del escrito. &#8220;Esto no es ning\u00fan premio consuelo, es la satisfacci\u00f3n que siento despu\u00e9s de tanta experiencia acumulada, renovada y modernizada. Si puedo ayudar, c\u00f3mo no voy a hacerlo, con coherencia&#8221;, concluy\u00f3.<\/p>\n","protected":false},"excerpt":{"rendered":"<p>El embajador argentino en Brasil asegur\u00f3 adem\u00e1s que con el titular del Palacio de Hacienda y precandidato a presidente lograron encontrar coincidencias &nbsp; &nbsp; El embajador en Brasil y flamante funcionario del Ministerio de Econom\u00eda, Daniel Scioli habl\u00f3 luego de que el titular de la cartera, Sergio Massa, quien adem\u00e1s es el precandidato a presidente de Uni\u00f3n por la Patria, le ofreciera la posibilidad de ser asesor especial del ministerio para la agenda internacional. &#8220;No es un premio consuelo&#8221;, expuso luego de que bajara su lista a competir en una&#8230;<\/p>\n","protected":false},"author":3,"featured_media":102289,"comment_status":"closed","ping_status":"closed","sticky":false,"template":"","format":"standard","meta":[],"categories":[18],"tags":[],"_links":{"self":[{"href":"https:\/\/www.actualidadadiario.com\/index.php\/wp-json\/wp\/v2\/posts\/104135"}],"collection":[{"href":"https:\/\/www.actualidadadiario.com\/index.php\/wp-json\/wp\/v2\/posts"}],"about":[{"href":"https:\/\/www.actualidadadiario.com\/index.php\/wp-json\/wp\/v2\/types\/post"}],"author":[{"embeddable":true,"href":"https:\/\/www.actualidadadiario.com\/index.php\/wp-json\/wp\/v2\/users\/3"}],"replies":[{"embeddable":true,"href":"https:\/\/www.actualidadadiario.com\/index.php\/wp-json\/wp\/v2\/comments?post=104135"}],"version-history":[{"count":1,"href":"https:\/\/www.actualidadadiario.com\/index.php\/wp-json\/wp\/v2\/posts\/104135\/revisions"}],"predecessor-version":[{"id":104136,"href":"https:\/\/www.actualidadadiario.com\/index.php\/wp-json\/wp\/v2\/posts\/104135\/revisions\/104136"}],"wp:featuredmedia":[{"embeddable":true,"href":"https:\/\/www.actualidadadiario.com\/index.php\/wp-json\/wp\/v2\/media\/102289"}],"wp:attachment":[{"href":"https:\/\/www.actualidadadiario.com\/index.php\/wp-json\/wp\/v2\/media?parent=104135"}],"wp:term":[{"taxonomy":"category","embeddable":true,"href":"https:\/\/www.actualidadadiario.com\/index.php\/wp-json\/wp\/v2\/categories?post=104135"},{"taxonomy":"post_tag","embeddable":true,"href":"https:\/\/www.actualidadadiario.com\/index.php\/wp-json\/wp\/v2\/tags?post=104135"}],"curies":[{"name":"wp","href":"https:\/\/api.w.org\/{rel}","templated":true}]}}