{"id":104133,"date":"2023-07-03T13:56:43","date_gmt":"2023-07-03T16:56:43","guid":{"rendered":"https:\/\/www.actualidadadiario.com\/?p=104133"},"modified":"2023-07-03T13:56:43","modified_gmt":"2023-07-03T16:56:43","slug":"diputados-sesiona-solucionar-el-fracaso-de-los-creditos-uva-de-macri-y-el-juicio-politico-a-la-corte-temas-centrales","status":"publish","type":"post","link":"https:\/\/www.actualidadadiario.com\/index.php\/2023\/07\/03\/diputados-sesiona-solucionar-el-fracaso-de-los-creditos-uva-de-macri-y-el-juicio-politico-a-la-corte-temas-centrales\/","title":{"rendered":"Diputados sesiona: solucionar el fracaso de los cr\u00e9ditos UVA de Macri y el Juicio Pol\u00edtico a la Corte, temas centrales"},"content":{"rendered":"<p style=\"text-align: center;\"><em><strong>Con un temario acordado junto a la oposici\u00f3n, diputados oficialistas buscar\u00e1n convertir en ley varios proyectos este mi\u00e9rcoles. El jueves est\u00e1 citado Carlos Maqueda a la Comisi\u00f3n de Juicio Pol\u00edtico<\/strong><\/em><\/p>\n<p>&nbsp;<\/p>\n<p>&nbsp;<\/p>\n<p>El Congreso vuelve a sesionar esta semana, ya con todos los candidatos en carrera de la cara a las elecciones 2023. Adem\u00e1s de la sesi\u00f3n prevista para este mi\u00e9rcoles compuesta por temas de consenso y de poca incidencia econ\u00f3mica, tambi\u00e9n se reunir\u00e1 el jueves la Comisi\u00f3n de Juicio Pol\u00edtico adonde fue citado el juez Carlos Maqueda por las irregularidades en la administraci\u00f3n de la Obra Social de los Trabajadores Judiciales (OSPJN).<\/p>\n<p>El proyecto de mayor resonancia dentro del temario que acordaron en Diputados es el Sistema Integral de Cobertura y Promoci\u00f3n de Cr\u00e9ditos Hipotecarios, con el que se busca darle una soluci\u00f3n a los deudores de los cr\u00e9ditos UVA. En las \u00faltimas semanas la comisi\u00f3n de Presupuesto y Hacienda emiti\u00f3 un dictamen de mayor\u00eda y otro en minor\u00eda, lo que posibilit\u00f3 llevar el tema al pleno. La situaci\u00f3n de los deudores del cr\u00e9dito que lanz\u00f3 el ex presidente Mauricio Macri es cr\u00edtica porque hasta ahora el monto de cada cuota se actualiza seg\u00fan la inflaci\u00f3n.<\/p>\n<p>Ante este escenario, la comisi\u00f3n que dirige el diputado del ex Frente de Todos, Carlos Heller, logr\u00f3 un dictamen consensuado basado en los 11 proyectos presentados en el que, entre otras cuestiones, plantea que la cuota a abonar no debe superar el 30% de los ingresos de los deudores. Adem\u00e1s establece la suspensi\u00f3n por un a\u00f1o de los juicios de desalojo, lanzamientos, embargos o cualquier tipo de medidas preventivas o cautelares en tr\u00e1mite sobre aquellas viviendas adquiridas a trav\u00e9s de este tipo de cr\u00e9dito.<\/p>\n<p>Otro de los temas que se debatir\u00e1n en el recinto el mi\u00e9rcoles es La Ley Olimpia, de violencia digital, que impulsa el diputado oficialista Pablo Carro; el R\u00e9gimen de Promoci\u00f3n de la Producci\u00f3n y\/o Elaboraci\u00f3n de Productos Org\u00e1nicos; el Plan de refinanciaci\u00f3n de deudas a cargo de provincias, municipios, comunas y entes prestadores de servicios p\u00fablicos, respecto al Ente Nacional de Obras H\u00eddricas de Saneamiento (ENOHSA); la Regulaci\u00f3n del Ejercicio Profesional del Acompa\u00f1amiento Terap\u00e9utico; cargos de c\u00f3nsules y vicec\u00f3nsules honorarios a ciudadanos\/as argentinos\/as propuestos por gobiernos extranjeros; acuerdo sobre Transporte A\u00e9reo entre la Rep\u00fablica Argentina y la Rep\u00fablica Portuguesa, suscripto en la ciudad de Lisboa \u2013Rep\u00fablica Portuguesa\u2013 el 25 de junio de 2007 y la declaraci\u00f3n de monumento hist\u00f3rico nacional del Parque de la Constituci\u00f3n Nacional.<\/p>\n<p>&nbsp;<\/p>\n<p><strong>Avanza el Juicio pol\u00edtico \u00a0\u00a0<\/strong><\/p>\n<p>Este jueves a las 11 diputados y diputadas retomar\u00e1n actividad en la comisi\u00f3n de Juicio Pol\u00edtico, con la expectativa por la citaci\u00f3n del juez de la Corte Suprema, Carlos Maqueda, que realizaron el mes pasado. Maqueda tuvo a su cargo la administraci\u00f3n de la OSPJN entre el 7 abril del 2008 y al 31 de agosto de 2021 y fue citado por &#8220;mal desempe\u00f1o y posible comisi\u00f3n de delitos&#8221;.<\/p>\n<p>Hasta el domingo por la noche no hab\u00eda confirmaci\u00f3n de su eventual asistencia al Congreso. Entre las acusaciones que recaen sobre el juez se destacan que consinti\u00f3 &#8220;por omisi\u00f3n en el cumplimiento de funciones bajo su dominio, p\u00e9rdidas y da\u00f1os a la integridad f\u00edsica y al derecho a la salud de los afiliados y sus familias, as\u00ed como perjuicios econ\u00f3micos irreparables a la Obra Social del Poder Judicial de la Naci\u00f3n&#8221;.<\/p>\n<p>Adem\u00e1s, lo consideraron responsable de &#8220;una gesti\u00f3n administrativa irregular, arbitraria, no transparente, omisiva de toda planificaci\u00f3n y perjudicial a los fines y objetivos&#8221; de la obra social. Adem\u00e1s, denunci\u00f3 su contribuci\u00f3n al &#8220;deterioro del servicio de salud de calidad que debe brindar la obra social&#8221;. Con la presencia o ausencia de Maqueda quedar\u00eda cerrado el tratamiento sobre la administraci\u00f3n de la OSPJN y los miembros de la comisi\u00f3n continuar\u00e1n con los expedientes relacionados al fallo de la Corte Suprema sobre la coparticipaci\u00f3n. Para este tramo, anticiparon que citar\u00e1n al ministro del Interior, Eduardo &#8220;Wado&#8221; de Pedro y gobernadores.<\/p>\n","protected":false},"excerpt":{"rendered":"<p>Con un temario acordado junto a la oposici\u00f3n, diputados oficialistas buscar\u00e1n convertir en ley varios proyectos este mi\u00e9rcoles. El jueves est\u00e1 citado Carlos Maqueda a la Comisi\u00f3n de Juicio Pol\u00edtico &nbsp; &nbsp; El Congreso vuelve a sesionar esta semana, ya con todos los candidatos en carrera de la cara a las elecciones 2023. Adem\u00e1s de la sesi\u00f3n prevista para este mi\u00e9rcoles compuesta por temas de consenso y de poca incidencia econ\u00f3mica, tambi\u00e9n se reunir\u00e1 el jueves la Comisi\u00f3n de Juicio Pol\u00edtico adonde fue citado el juez Carlos Maqueda por las&#8230;<\/p>\n","protected":false},"author":3,"featured_media":98308,"comment_status":"closed","ping_status":"closed","sticky":false,"template":"","format":"standard","meta":[],"categories":[18],"tags":[],"_links":{"self":[{"href":"https:\/\/www.actualidadadiario.com\/index.php\/wp-json\/wp\/v2\/posts\/104133"}],"collection":[{"href":"https:\/\/www.actualidadadiario.com\/index.php\/wp-json\/wp\/v2\/posts"}],"about":[{"href":"https:\/\/www.actualidadadiario.com\/index.php\/wp-json\/wp\/v2\/types\/post"}],"author":[{"embeddable":true,"href":"https:\/\/www.actualidadadiario.com\/index.php\/wp-json\/wp\/v2\/users\/3"}],"replies":[{"embeddable":true,"href":"https:\/\/www.actualidadadiario.com\/index.php\/wp-json\/wp\/v2\/comments?post=104133"}],"version-history":[{"count":1,"href":"https:\/\/www.actualidadadiario.com\/index.php\/wp-json\/wp\/v2\/posts\/104133\/revisions"}],"predecessor-version":[{"id":104134,"href":"https:\/\/www.actualidadadiario.com\/index.php\/wp-json\/wp\/v2\/posts\/104133\/revisions\/104134"}],"wp:featuredmedia":[{"embeddable":true,"href":"https:\/\/www.actualidadadiario.com\/index.php\/wp-json\/wp\/v2\/media\/98308"}],"wp:attachment":[{"href":"https:\/\/www.actualidadadiario.com\/index.php\/wp-json\/wp\/v2\/media?parent=104133"}],"wp:term":[{"taxonomy":"category","embeddable":true,"href":"https:\/\/www.actualidadadiario.com\/index.php\/wp-json\/wp\/v2\/categories?post=104133"},{"taxonomy":"post_tag","embeddable":true,"href":"https:\/\/www.actualidadadiario.com\/index.php\/wp-json\/wp\/v2\/tags?post=104133"}],"curies":[{"name":"wp","href":"https:\/\/api.w.org\/{rel}","templated":true}]}}