{"id":104122,"date":"2023-07-03T13:53:19","date_gmt":"2023-07-03T16:53:19","guid":{"rendered":"https:\/\/www.actualidadadiario.com\/?p=104122"},"modified":"2023-07-03T13:53:19","modified_gmt":"2023-07-03T16:53:19","slug":"de-la-transformacion-no-para-a-la-argentina-absurda-la-nueva-campana-de-larreta-llena-de-lugares-comunes","status":"publish","type":"post","link":"https:\/\/www.actualidadadiario.com\/index.php\/2023\/07\/03\/de-la-transformacion-no-para-a-la-argentina-absurda-la-nueva-campana-de-larreta-llena-de-lugares-comunes\/","title":{"rendered":"De \u00abla transformaci\u00f3n no para\u00bb a \u201cla Argentina absurda\u201d: la nueva campa\u00f1a de Larreta llena de lugares comunes"},"content":{"rendered":"<p style=\"text-align: center;\"><em><strong>El jefe de gobierno lanz\u00f3 al menos cuatro propuestas de campa\u00f1a: Una de ellas ya existe desde el a\u00f1o 2017, y otra viene \u201ca institucionalizar la informalidad de los trabajadores\u201d<\/strong><\/em><\/p>\n<p>&nbsp;<\/p>\n<p>&nbsp;<\/p>\n<p>M\u00e1s all\u00e1 de las diferencias ideol\u00f3gicas que separan a todos los espacios pol\u00edticos, gran parte de la sociedad exige un programa de gobierno para terminar con tanta \u201cch\u00e1chara\u201d y obligar a que, cada uno de los candidatos y candidatas, ponga sobre la mesa las ideas de gesti\u00f3n y soluciones de cara al pueblo. A este sector de la sociedad no se lo convence con frases generales o el uso excesivo del \u201csentido com\u00fan.<\/p>\n<p>Si bien, muy pocos creen en las promesas y propuestas de campa\u00f1a, teniendo en cuenta lo ocurrido durante la presidencia de Macri que hizo todo lo contrario a lo prometido, o al gobierno de Alberto Fern\u00e1ndez que no pudo, no quiso, o se vio superado para llevar adelante varias de sus propuestas; los lineamiento establecidos en un programa de gobierno brindan mayor seguridad al electorado.<\/p>\n<p>Tras un focus group, el jefe de gobierno porte\u00f1o, Rodr\u00edguez Larreta, inund\u00f3 las redes sociales con una nueva campa\u00f1a electoral. En poco menos de un a\u00f1o pas\u00f3, de \u201cla transformaci\u00f3n no para\u201d a \u201cla Argentina Absurda\u201d, el nombre de su flamante campa\u00f1a donde propone medidas existentes y otras que vienen a formalizar la precarizaci\u00f3n laboral.<\/p>\n<p>&nbsp;<\/p>\n<p><strong>Una transformaci\u00f3n absurda<\/strong><\/p>\n<p>Muchos se preguntan por quienes est\u00e1 representada la \u201cArgentina Absurda\u201d por la cual rezonga el actual jefe de Gobierno porte\u00f1o y precandidato a Presidente de la alianza JxC: \u00bfest\u00e1 representada por ese sector de la sociedad que reclama m\u00e1s y mejor educaci\u00f3n p\u00fablica, gratuita y de calidad. Por aquel sector que exige m\u00e1s y mejor salud p\u00fablica y que sea accesible para todos, vivan o no en el distrito. O la argentina absurda de Larreta est\u00e1 representada por los que reclaman mejores derechos y garant\u00edas laborales?<\/p>\n<p>Entre las propuestas que incluye la campa\u00f1a electoral de Rodr\u00edguez Larreta, se encuentran: \u00abterminar con la industria del juicio\u00bb, entregar \u00abplanes sociales sin intermediarios\u00bb; y el nuevo r\u00e9gimen para trabajadores independientes. \u201cSi sos tu propio jefe o jefa o trabaj\u00e1s de manera independiente, vas a poder acceder a una licencia por nacimiento y tener ART\u201d, poste\u00f3 en sus redes Rodr\u00edguez Larreta y concluye: \u201cEl 10 de diciembre SE TERMINA LA ARGENTINA ABSURDA\u201d.<\/p>\n<p>Sin dar mayores precisiones, este nuevo r\u00e9gimen est\u00e1 dirigido a los trabajadores y trabajadoras de plataformas digitales como Rapi, Pedidos Ya, Uber y Cabify, entre otras apps, o aquellas personas que trabajan en otros sectores de manera independiente.<\/p>\n<p>\u201cLa plataforma de Larreta, del punto de vista del trabajo, consiste en flexibilizar los derechos de los trabajadores formales, es decir flexibilizar el despido y la entrada, para tratar de que los trabajos asalariados sean menos por tiempo indeterminado y m\u00e1s de tipo temporal; y por el otro lado consiste en institucionalizar la informalidad, es decir, cambiarle el nombre a lo que hoy es considerado informal, denominarlo como formal suponiendo que eso consiste en una pol\u00edtica de formalizaci\u00f3n\u201d, analiza el abogado laboralista Juan Ottaviano.<\/p>\n<p>Para el especialista, el debate central en el trabajo en plataformas es, si deben ser clasificados como independientes, como colaboradores, como socios y todos los eufemismos que se utilizan actualmente; o si deben ser clasificados como empleados. \u201cSobre este \u00faltimo punto, lo que piden los trabajadores de plataformas, es tener todos los derechos laborales que les corresponden por ley pero, adem\u00e1s, agregar nuevos derechos. La propuesta de Rodr\u00edguez Larreta, para evitar esto \u00faltimo es que sigan siendo independientes y que se les agreguen \u2018derechos\u2019, como la ART y los d\u00edas de licencia\u201d, agrega Ottaviano.<\/p>\n<p>La pregunta en este caso ser\u00eda \u00bfQui\u00e9n va a costear la aseguradora de trabajo o los d\u00edas de licencia? \u201cSi lo van a hacer los propios trabajadores, estamos igual que antes porque hoy los trabajadores independientes de manera privada pagan un seguro de riesgos y se costean sus propios descansos, vacaciones y licencias\u201d, suma el abogado.<\/p>\n<p>\u201cAhora si la propuesta de Larreta es que el Estado fondee el aseguramiento de los riesgos o las licencias habr\u00eda una novedad, pero entrar\u00eda en contradicci\u00f3n con el resto de la propuesta de Larreta que consiste en bajar contribuciones patronales. Por un lado plantea debilitar los fondos de la seguridad social y por el otro que la seguridad social respalde la ART y licencias\u201d, concluye.<\/p>\n<p>Otra de las propuestas es la generaci\u00f3n expr\u00e9s de nuevas instituciones empresariales: \u201cLas micro y peque\u00f1as empresas van a poder crearse en solo 24 horas, de manera 100% digital y con un \u00fanico impuesto nacional m\u00e1s bajo que el actual. Vamos a terminar con la argentina absurda\u201d, lanz\u00f3 el mandatario. Este es uno de los puntos que present\u00f3 el mandatario en su nueva campa\u00f1a es algo ya existente que fue propuesto por el ex Presidente Mauricio Macri en agosto de 2016, y sancionado por el Congreso.<\/p>\n<p>Esta norma est\u00e1 vigente desde hace seis a\u00f1os, se la conoce vulgarmente como \u201cLey de Emprendedores\u201d y b\u00e1sicamente es eso, una iniciativa que permite crear empresas en 24 horas, otorga beneficios fiscales a sus titulares y pr\u00e9stamos para impulsar proyectos productivos en todo el pa\u00eds. La misma, vino acompa\u00f1ada de un pol\u00e9mico proyecto que se transform\u00f3 tambi\u00e9n en Ley. Es de Sociedades de Beneficio e Inter\u00e9s Colectivo que permiti\u00f3 crear un \u201cpara\u00edso de lavado de dinero\u201d en varios puntos del pa\u00eds.<\/p>\n<p>Para poner un ejemplo, el fiscal federal N\u00ba 2 de Santa Fe Walter Rodr\u00edguez, denunci\u00f3 que Los Monos y otras bandas vinculadas delicitvas, utilizan este sistema de Sociedades de beneficio para lavar plata del narcotr\u00e1fico, dado que estas sociedades se pueden constituir desde una c\u00e1rcel por internet \u2013como ha confirmado la pesquisa judicial- porque ni siquiera tienen que informar domicilio ni presentar balances.<\/p>\n<p>&nbsp;<\/p>\n<p><strong>Qued\u00f3 en comisiones la modificaci\u00f3n de la Ley de Sociedades Simplificadas<\/strong><\/p>\n<p>En abril de este a\u00f1o, el Congreso comenz\u00f3 el debate en comisiones de diputados para tratar el R\u00e9gimen de Transparencia de Sociedades por Acciones Simplificadas (SAS).En esa primera comisi\u00f3n, fueron invitados el Sr. Presidente de la Corte Suprema de Justicia de la Provincia de Santa Fe Dr. Daniel An\u00edbal Erbetta y el titular de la Fiscal\u00eda Federal N\u00ba 2 de la Provincia de Santa Fe Dr. Walter Alberto Rodr\u00edguez; adem\u00e1s de funcionarios de la Agencia Federal de Ingresos P\u00fablicos -AFIP-, la Unidad de Informaci\u00f3n Financiera -UIF- y de la Inspecci\u00f3n General de Justicia -IGJ-.<\/p>\n<p>\u201cQueremos que las SAS no sean utilizadas como fachada de actividades il\u00edcitas que retroalimentan el v\u00ednculo entre el delito narco y el lavado de dinero\u201d, dijo el diputado Gerardo Mart\u00ednez en su momento, respecto a la Ley votada y desarrollada por el macrismo. Estas declaraciones llegaron a ra\u00edz de la denuncia del fiscal federal N\u00ba 2 de Santa Fe Walter Rodr\u00edguez que afirm\u00f3 que bandas del narcotr\u00e1fico lavaron millones de pesos con esta herramienta legal.<\/p>\n<p>\u201cNo queremos eliminar a las SAS ni perjudicar a los emprendedores. Lo que queremos es que algo creado para un objetivo, no sea utilizado para otro y menos cuando se trata de una actividad il\u00edcita\u201d, agreg\u00f3 Mart\u00ednez y explic\u00f3 que las SAS deben tener un control similar al que tienen las sociedades de responsabilidad limitada o las sociedades an\u00f3nimas. Exigirles que informen el domicilio donde funcionan, el objeto al que se dedican y la presentaci\u00f3n de balances. Por ahora el debate no avanz\u00f3 m\u00e1s all\u00e1 de las comisiones en medio del a\u00f1o electoral.<\/p>\n","protected":false},"excerpt":{"rendered":"<p>El jefe de gobierno lanz\u00f3 al menos cuatro propuestas de campa\u00f1a: Una de ellas ya existe desde el a\u00f1o 2017, y otra viene \u201ca institucionalizar la informalidad de los trabajadores\u201d &nbsp; &nbsp; M\u00e1s all\u00e1 de las diferencias ideol\u00f3gicas que separan a todos los espacios pol\u00edticos, gran parte de la sociedad exige un programa de gobierno para terminar con tanta \u201cch\u00e1chara\u201d y obligar a que, cada uno de los candidatos y candidatas, ponga sobre la mesa las ideas de gesti\u00f3n y soluciones de cara al pueblo. A este sector de la&#8230;<\/p>\n","protected":false},"author":3,"featured_media":104123,"comment_status":"closed","ping_status":"closed","sticky":false,"template":"","format":"standard","meta":[],"categories":[18],"tags":[],"_links":{"self":[{"href":"https:\/\/www.actualidadadiario.com\/index.php\/wp-json\/wp\/v2\/posts\/104122"}],"collection":[{"href":"https:\/\/www.actualidadadiario.com\/index.php\/wp-json\/wp\/v2\/posts"}],"about":[{"href":"https:\/\/www.actualidadadiario.com\/index.php\/wp-json\/wp\/v2\/types\/post"}],"author":[{"embeddable":true,"href":"https:\/\/www.actualidadadiario.com\/index.php\/wp-json\/wp\/v2\/users\/3"}],"replies":[{"embeddable":true,"href":"https:\/\/www.actualidadadiario.com\/index.php\/wp-json\/wp\/v2\/comments?post=104122"}],"version-history":[{"count":1,"href":"https:\/\/www.actualidadadiario.com\/index.php\/wp-json\/wp\/v2\/posts\/104122\/revisions"}],"predecessor-version":[{"id":104124,"href":"https:\/\/www.actualidadadiario.com\/index.php\/wp-json\/wp\/v2\/posts\/104122\/revisions\/104124"}],"wp:featuredmedia":[{"embeddable":true,"href":"https:\/\/www.actualidadadiario.com\/index.php\/wp-json\/wp\/v2\/media\/104123"}],"wp:attachment":[{"href":"https:\/\/www.actualidadadiario.com\/index.php\/wp-json\/wp\/v2\/media?parent=104122"}],"wp:term":[{"taxonomy":"category","embeddable":true,"href":"https:\/\/www.actualidadadiario.com\/index.php\/wp-json\/wp\/v2\/categories?post=104122"},{"taxonomy":"post_tag","embeddable":true,"href":"https:\/\/www.actualidadadiario.com\/index.php\/wp-json\/wp\/v2\/tags?post=104122"}],"curies":[{"name":"wp","href":"https:\/\/api.w.org\/{rel}","templated":true}]}}