{"id":104119,"date":"2023-07-03T13:45:26","date_gmt":"2023-07-03T16:45:26","guid":{"rendered":"https:\/\/www.actualidadadiario.com\/?p=104119"},"modified":"2023-07-03T13:45:26","modified_gmt":"2023-07-03T16:45:26","slug":"me-voy-a-romper-el-alma-promete-massa-en-su-primer-spot-de-campana","status":"publish","type":"post","link":"https:\/\/www.actualidadadiario.com\/index.php\/2023\/07\/03\/me-voy-a-romper-el-alma-promete-massa-en-su-primer-spot-de-campana\/","title":{"rendered":"\u00abMe voy a romper el alma\u00bb promete Massa en su primer spot de campa\u00f1a"},"content":{"rendered":"<p style=\"text-align: center;\"><em><strong>El precandidato de Uni\u00f3n por la Patria grab\u00f3 un video que difundi\u00f3 por Instagram y Tik Tok<\/strong><\/em><\/p>\n<p>&nbsp;<\/p>\n<p>&nbsp;<\/p>\n<p>El ministro de Econom\u00eda y precandidato presidencial de Uni\u00f3n por la Patria (UxP), Sergio Massa, afirm\u00f3 que \u00abgobernar es tomar decisiones\u00bb y prometi\u00f3 que se va a \u00abromper el alma\u00bb por el pa\u00eds en caso de ganar las elecciones, en su primer spot de campa\u00f1a difundido en redes sociales.<\/p>\n<p>En su primer spot de campa\u00f1a, divulgado en redes sociales como TikTok e Instagram, el funcionario se mostr\u00f3 durante una recorrida por el municipio de San Mart\u00edn, de donde es oriundo.<\/p>\n<p>Massa dialog\u00f3 con vecinos docentes de nivel inicial, que le pidieron que los pol\u00edticos \u00abbajen\u00bb al territorio.<\/p>\n<p>En su alocuci\u00f3n, el precandidato se\u00f1al\u00f3 que \u00abtoma decisiones todos los d\u00edas\u00bb y que \u00abgobernar es tomar decisiones que tienen que ver con mantener el funcionamiento de un pa\u00eds\u00bb.<\/p>\n<p>\u00abNo tengas dudas de que me voy a romper el alma para que, si soy presidente, sentir orgullo el d\u00eda que me vaya\u00bb, expres\u00f3 el precandidato de UxP en su di\u00e1logo con los vecinos de San Mart\u00edn.<\/p>\n<p>En el spot, el funcionario destac\u00f3 que Argentina es un \u00abpa\u00eds fabuloso y tenemos que ordenar las prioridades, y eso es todo un trabajo\u00bb.<\/p>\n","protected":false},"excerpt":{"rendered":"<p>El precandidato de Uni\u00f3n por la Patria grab\u00f3 un video que difundi\u00f3 por Instagram y Tik Tok &nbsp; &nbsp; El ministro de Econom\u00eda y precandidato presidencial de Uni\u00f3n por la Patria (UxP), Sergio Massa, afirm\u00f3 que \u00abgobernar es tomar decisiones\u00bb y prometi\u00f3 que se va a \u00abromper el alma\u00bb por el pa\u00eds en caso de ganar las elecciones, en su primer spot de campa\u00f1a difundido en redes sociales. En su primer spot de campa\u00f1a, divulgado en redes sociales como TikTok e Instagram, el funcionario se mostr\u00f3 durante una recorrida por&#8230;<\/p>\n","protected":false},"author":3,"featured_media":104120,"comment_status":"closed","ping_status":"closed","sticky":false,"template":"","format":"standard","meta":[],"categories":[18],"tags":[],"_links":{"self":[{"href":"https:\/\/www.actualidadadiario.com\/index.php\/wp-json\/wp\/v2\/posts\/104119"}],"collection":[{"href":"https:\/\/www.actualidadadiario.com\/index.php\/wp-json\/wp\/v2\/posts"}],"about":[{"href":"https:\/\/www.actualidadadiario.com\/index.php\/wp-json\/wp\/v2\/types\/post"}],"author":[{"embeddable":true,"href":"https:\/\/www.actualidadadiario.com\/index.php\/wp-json\/wp\/v2\/users\/3"}],"replies":[{"embeddable":true,"href":"https:\/\/www.actualidadadiario.com\/index.php\/wp-json\/wp\/v2\/comments?post=104119"}],"version-history":[{"count":1,"href":"https:\/\/www.actualidadadiario.com\/index.php\/wp-json\/wp\/v2\/posts\/104119\/revisions"}],"predecessor-version":[{"id":104121,"href":"https:\/\/www.actualidadadiario.com\/index.php\/wp-json\/wp\/v2\/posts\/104119\/revisions\/104121"}],"wp:featuredmedia":[{"embeddable":true,"href":"https:\/\/www.actualidadadiario.com\/index.php\/wp-json\/wp\/v2\/media\/104120"}],"wp:attachment":[{"href":"https:\/\/www.actualidadadiario.com\/index.php\/wp-json\/wp\/v2\/media?parent=104119"}],"wp:term":[{"taxonomy":"category","embeddable":true,"href":"https:\/\/www.actualidadadiario.com\/index.php\/wp-json\/wp\/v2\/categories?post=104119"},{"taxonomy":"post_tag","embeddable":true,"href":"https:\/\/www.actualidadadiario.com\/index.php\/wp-json\/wp\/v2\/tags?post=104119"}],"curies":[{"name":"wp","href":"https:\/\/api.w.org\/{rel}","templated":true}]}}