{"id":104110,"date":"2023-07-03T12:46:23","date_gmt":"2023-07-03T15:46:23","guid":{"rendered":"https:\/\/www.actualidadadiario.com\/?p=104110"},"modified":"2023-07-03T12:46:23","modified_gmt":"2023-07-03T15:46:23","slug":"manana-se-retomara-la-paritaria-docente","status":"publish","type":"post","link":"https:\/\/www.actualidadadiario.com\/index.php\/2023\/07\/03\/manana-se-retomara-la-paritaria-docente\/","title":{"rendered":"Ma\u00f1ana se retomar\u00e1 la paritaria docente"},"content":{"rendered":"<p style=\"text-align: center;\"><em><strong>Tras las dos reuniones anteriores, los gremios se reunir\u00e1n con el gobierno para llegar a un acuerdo salarial este martes 4 de julio en la Secretar\u00eda de Trabajo (Buenos Aires 166) a las 10 de la ma\u00f1ana<\/strong><\/em><\/p>\n<p>&nbsp;<\/p>\n<p>&nbsp;<\/p>\n<p>Luego del rechazo de los gremios docentes tras analizar la propuesta salarial del gobierno en asambleas, se volver\u00e1n a reunir este martes 4 de julio a las 10, en la Secretar\u00eda de Trabajo para continuar con la paritaria.<\/p>\n<p>El gobierno hab\u00eda ofrecido un aumento del 20%, a pagar un siete por ciento retroactivo con los haberes de junio y un 13% con los haberes de julio.<\/p>\n<p>&nbsp;<\/p>\n<p><strong>Estas son algunas declaraciones que dieron los gremios sobre la propuesta:<\/strong><\/p>\n<p>El representante de la Asociaci\u00f3n Gremial del Magisterio de Entre R\u00edos (Agmer), Marcelo Pagani, dijo: \u201cLa propuesta que hace el CGE para el trimestre de julio agosto y septiembre es pagarla con los haberes de octubre de este a\u00f1o&#8221;.<\/p>\n<p>Por su parte, la representante del Sindicato Argentino de Docentes Privados (Sadop) expres\u00f3: \u201cLa recomposici\u00f3n de julio, agosto y septiembre la pagar\u00edan tomando como base agosto, pero nosotros insistimos que sea en el mes de junio\u201d.<\/p>\n<p>Anteriormente, Carlos Varela, de la Asociaci\u00f3n del Magisterio de la Ense\u00f1anza T\u00e9cnica (AMET) exigi\u00f3 que \u201cla base de c\u00e1lculos para el segundo semestre sea el \u00faltimo haber percibido dentro de este primer semestre y no el de enero como se viene haciendo todos los a\u00f1os\u201d.<\/p>\n","protected":false},"excerpt":{"rendered":"<p>Tras las dos reuniones anteriores, los gremios se reunir\u00e1n con el gobierno para llegar a un acuerdo salarial este martes 4 de julio en la Secretar\u00eda de Trabajo (Buenos Aires 166) a las 10 de la ma\u00f1ana &nbsp; &nbsp; Luego del rechazo de los gremios docentes tras analizar la propuesta salarial del gobierno en asambleas, se volver\u00e1n a reunir este martes 4 de julio a las 10, en la Secretar\u00eda de Trabajo para continuar con la paritaria. El gobierno hab\u00eda ofrecido un aumento del 20%, a pagar un siete por&#8230;<\/p>\n","protected":false},"author":3,"featured_media":104111,"comment_status":"closed","ping_status":"closed","sticky":false,"template":"","format":"standard","meta":[],"categories":[15],"tags":[],"_links":{"self":[{"href":"https:\/\/www.actualidadadiario.com\/index.php\/wp-json\/wp\/v2\/posts\/104110"}],"collection":[{"href":"https:\/\/www.actualidadadiario.com\/index.php\/wp-json\/wp\/v2\/posts"}],"about":[{"href":"https:\/\/www.actualidadadiario.com\/index.php\/wp-json\/wp\/v2\/types\/post"}],"author":[{"embeddable":true,"href":"https:\/\/www.actualidadadiario.com\/index.php\/wp-json\/wp\/v2\/users\/3"}],"replies":[{"embeddable":true,"href":"https:\/\/www.actualidadadiario.com\/index.php\/wp-json\/wp\/v2\/comments?post=104110"}],"version-history":[{"count":2,"href":"https:\/\/www.actualidadadiario.com\/index.php\/wp-json\/wp\/v2\/posts\/104110\/revisions"}],"predecessor-version":[{"id":104113,"href":"https:\/\/www.actualidadadiario.com\/index.php\/wp-json\/wp\/v2\/posts\/104110\/revisions\/104113"}],"wp:featuredmedia":[{"embeddable":true,"href":"https:\/\/www.actualidadadiario.com\/index.php\/wp-json\/wp\/v2\/media\/104111"}],"wp:attachment":[{"href":"https:\/\/www.actualidadadiario.com\/index.php\/wp-json\/wp\/v2\/media?parent=104110"}],"wp:term":[{"taxonomy":"category","embeddable":true,"href":"https:\/\/www.actualidadadiario.com\/index.php\/wp-json\/wp\/v2\/categories?post=104110"},{"taxonomy":"post_tag","embeddable":true,"href":"https:\/\/www.actualidadadiario.com\/index.php\/wp-json\/wp\/v2\/tags?post=104110"}],"curies":[{"name":"wp","href":"https:\/\/api.w.org\/{rel}","templated":true}]}}