{"id":104107,"date":"2023-07-03T12:45:30","date_gmt":"2023-07-03T15:45:30","guid":{"rendered":"https:\/\/www.actualidadadiario.com\/?p=104107"},"modified":"2023-07-03T12:45:30","modified_gmt":"2023-07-03T15:45:30","slug":"la-historia-de-salto-grande-se-presentara-en-la-tv-publica-argentina","status":"publish","type":"post","link":"https:\/\/www.actualidadadiario.com\/index.php\/2023\/07\/03\/la-historia-de-salto-grande-se-presentara-en-la-tv-publica-argentina\/","title":{"rendered":"La historia de Salto Grande se presentar\u00e1 en la TV P\u00fablica Argentina"},"content":{"rendered":"<p style=\"text-align: center;\"><em><strong>Con participaci\u00f3n de autoridades y trabajadores, vecinos, se contar\u00e1 la historia, identidad, funcionamiento, presente y futuro de Salto Grande<\/strong><\/em><\/p>\n<p>&nbsp;<\/p>\n<p>&nbsp;<\/p>\n<p>Se trata de una emisi\u00f3n doble que se ver\u00e1 en directo en el prime time del canal argentino este lunes 3 de julio y el siguiente, en horario de las 22.30.<\/p>\n<p>\u201cLa propuesta surgi\u00f3 hace un tiempo atr\u00e1s, de poder realizar una producci\u00f3n de este tipo, con un programa que ven\u00eda trabajando y divulgando temas y obras estrat\u00e9gicas de Argentina, y consideramos que Salto Grande deb\u00eda estar presente\u201d explic\u00f3 el Presidente de la Delegaci\u00f3n Argentina, Luis Benedetto.<\/p>\n<p>Agreg\u00f3 adem\u00e1s que \u201cse trat\u00f3 de una experiencia nueva, muy enriquecedora que permite mostrar a todo el pa\u00eds la calidad, el potencial y el compromiso que Salto Grande tiene con la regi\u00f3n, con Argentina, Uruguay y cada uno de las comunidades que nos han brindado tanto para ser lo que hoy somos\u201d.<\/p>\n<p>&nbsp;<\/p>\n<p><strong>Rodaje en el Complejo binacional<\/strong><\/p>\n<p>Durante cinco d\u00edas -desde el 23 al 27 de junio- se film\u00f3 en distintas locaciones y lugares de Salto Grande, desde donde se compartieron conocimientos, experiencias, an\u00e9cdotas y se pudo narrar la historia y el rol determinante que tiene el complejo Hidroel\u00e9ctrico tanto para Argentina como para Uruguay.<\/p>\n<p>El rodaje estuvo a cargo del equipo de SIC: Periodismo Textual, el cual se trata de un programa de cr\u00f3nicas period\u00edsticas pol\u00edticas y sociales orientado a pensar distintas realidades. El ciclo, que este a\u00f1o est\u00e1 en su segunda temporada, pone al periodismo en territorio, recorre Argentina y el mundo.<\/p>\n<p>Cruza las fronteras para entender c\u00f3mo miramos y c\u00f3mo nos miran. Una propuesta que intenta contar la historia en pleno desarrollo en un mundo que se transforma.<\/p>\n<p>Para ver el programa se podr\u00e1 sintonizar por aire o cable la TV P\u00fablica Argentina, como as\u00ed tambi\u00e9n, a trav\u00e9s de internet en el sitio web del canal www.tvpublica.com.ar<\/p>\n<p>Adem\u00e1s, el mismo estar\u00e1 disponible en el canal de YouTube de la emisora https:\/\/www.youtube.com\/@TVPublicaArgentina a partir del martes pr\u00f3ximo.<\/p>\n","protected":false},"excerpt":{"rendered":"<p>Con participaci\u00f3n de autoridades y trabajadores, vecinos, se contar\u00e1 la historia, identidad, funcionamiento, presente y futuro de Salto Grande &nbsp; &nbsp; Se trata de una emisi\u00f3n doble que se ver\u00e1 en directo en el prime time del canal argentino este lunes 3 de julio y el siguiente, en horario de las 22.30. \u201cLa propuesta surgi\u00f3 hace un tiempo atr\u00e1s, de poder realizar una producci\u00f3n de este tipo, con un programa que ven\u00eda trabajando y divulgando temas y obras estrat\u00e9gicas de Argentina, y consideramos que Salto Grande deb\u00eda estar presente\u201d explic\u00f3&#8230;<\/p>\n","protected":false},"author":3,"featured_media":104108,"comment_status":"closed","ping_status":"closed","sticky":false,"template":"","format":"standard","meta":[],"categories":[15],"tags":[],"_links":{"self":[{"href":"https:\/\/www.actualidadadiario.com\/index.php\/wp-json\/wp\/v2\/posts\/104107"}],"collection":[{"href":"https:\/\/www.actualidadadiario.com\/index.php\/wp-json\/wp\/v2\/posts"}],"about":[{"href":"https:\/\/www.actualidadadiario.com\/index.php\/wp-json\/wp\/v2\/types\/post"}],"author":[{"embeddable":true,"href":"https:\/\/www.actualidadadiario.com\/index.php\/wp-json\/wp\/v2\/users\/3"}],"replies":[{"embeddable":true,"href":"https:\/\/www.actualidadadiario.com\/index.php\/wp-json\/wp\/v2\/comments?post=104107"}],"version-history":[{"count":1,"href":"https:\/\/www.actualidadadiario.com\/index.php\/wp-json\/wp\/v2\/posts\/104107\/revisions"}],"predecessor-version":[{"id":104109,"href":"https:\/\/www.actualidadadiario.com\/index.php\/wp-json\/wp\/v2\/posts\/104107\/revisions\/104109"}],"wp:featuredmedia":[{"embeddable":true,"href":"https:\/\/www.actualidadadiario.com\/index.php\/wp-json\/wp\/v2\/media\/104108"}],"wp:attachment":[{"href":"https:\/\/www.actualidadadiario.com\/index.php\/wp-json\/wp\/v2\/media?parent=104107"}],"wp:term":[{"taxonomy":"category","embeddable":true,"href":"https:\/\/www.actualidadadiario.com\/index.php\/wp-json\/wp\/v2\/categories?post=104107"},{"taxonomy":"post_tag","embeddable":true,"href":"https:\/\/www.actualidadadiario.com\/index.php\/wp-json\/wp\/v2\/tags?post=104107"}],"curies":[{"name":"wp","href":"https:\/\/api.w.org\/{rel}","templated":true}]}}