{"id":104104,"date":"2023-07-03T12:44:39","date_gmt":"2023-07-03T15:44:39","guid":{"rendered":"https:\/\/www.actualidadadiario.com\/?p=104104"},"modified":"2023-07-03T12:44:39","modified_gmt":"2023-07-03T15:44:39","slug":"vecino-le-envio-carta-abierta-a-frigerio-busque-mejores-argumentos-para-sustener-su-campana-politicas","status":"publish","type":"post","link":"https:\/\/www.actualidadadiario.com\/index.php\/2023\/07\/03\/vecino-le-envio-carta-abierta-a-frigerio-busque-mejores-argumentos-para-sustener-su-campana-politicas\/","title":{"rendered":"Vecino le envi\u00f3 carta abierta a Frigerio: \u201cBusque mejores argumentos para sustener su campa\u00f1a pol\u00edticas\u201d"},"content":{"rendered":"<p style=\"text-align: center;\"><em><strong>Su nombre es Sergio Cayon, se desempe\u00f1a en el Hospital Masvernat y en el Heras, y cuestion\u00f3 sus cr\u00edticas a la pol\u00edtica de salud del Gobierno de Entre R\u00edos. \u201cEn lo posible busque mejores argumentos para sostener su campa\u00f1a pol\u00edtica\u201d, expres\u00f3 y sostuvo que nunca se le dio tanta importancia a la salud como en estos \u00faltimos ocho a\u00f1os<\/strong><\/em><\/p>\n<p>&nbsp;<\/p>\n<p>&nbsp;<\/p>\n<p><em>\u201cQuisiera contarle que soy empleado p\u00fablico y pertenezco al \u00e1rea de Salud. Trabajo en el Hospital Masvernat de la ciudad de Concordia y vengo del Hospital Felipe Heras, es decir, ya estoy grande porque cuento con 35 a\u00f1os de antig\u00fcedad\u201d,<\/em> expres\u00f3 en la misiva.<\/p>\n<p><em>\u201cEsta introducci\u00f3n es para decirle que enorme fue mi sorpresa al escuchar un deplorable spot de campa\u00f1a donde criticaba la salud p\u00fablica de mi provincia\u201d<\/em> y le pidi\u00f3 que <em>\u201cen lo posible busque mejores argumentos para sostener su campa\u00f1a pol\u00edtica\u201d <\/em>que hablar mal de este gobierno y en especial en lo referente a Salud.<\/p>\n<p><em>\u201cNunca en mis 35 a\u00f1os de trabajo, not\u00e9 que se le d\u00e9 tanta importancia a Salud como en estos \u00faltimos ocho a\u00f1os, a pesar que los primeros cuatro fueron de un gobierno nacional de distinto tinte pol\u00edtico: ya sea desde lo econ\u00f3mico, con instrumentos de alta y baja complejidad, infraestructura, recurso humano y m\u00e1s de lo que Ud. imagine, no solo en este Hospital, sino tambi\u00e9n en los distintos centros provinciales\u201d.<\/em><\/p>\n<p><em>\u201cLas personas que trabajamos en Salud desde hace ya un tiempo me dar\u00e1n la raz\u00f3n. Que faltan cosas, seguro es, porque siempre son insuficientes, ya que, en t\u00e9rminos de Salud, todos los d\u00edas hay que seguir invirtiendo, pero le repito, en 35 a\u00f1os fue este gobierno quien no escatim\u00f3 en invertir para esta Cartera\u201d,<\/em> se\u00f1al\u00f3 Cayon.<\/p>\n<p>En cuanto a salarios, <em>\u201csi bien no son los mejores, se han ido actualizando al ritmo de la inflaci\u00f3n para que no perdamos poder adquisitivo\u201d.<\/em><\/p>\n<p>P\u00e1rrafo aparte dedic\u00f3 al proceso de pandemia: <em>\u201cEn este suceso extraordinario, incomparable con cualquier evento sanitario vivido por nuestra generaci\u00f3n, se nos suministr\u00f3 todo lo necesario y en cantidad suficiente para que ning\u00fan paciente quede desamparado o sin atender, cuidando adem\u00e1s al personal y suministr\u00e1ndole los elementos necesarios\u201d.<\/em><\/p>\n<p><em>\u201cSe hizo seguimiento y apoyo a todas las personas afectadas por Covid, tanto desde el hospital, centros de salud y la Municipalidad\u201d,<\/em> acot\u00f3 luego.<\/p>\n<p><em>\u201cPor todo lo expuesto, y si tiene tiempo de leer mi opini\u00f3n, ud tal vez est\u00e9 mal informado, entonces le agradecer\u00e9 que averig\u00fce m\u00e1s profundamente al respecto y as\u00ed despu\u00e9s, si cree que corresponde publique, el spot que realiz\u00f3\u201d,<\/em> manifest\u00f3.<\/p>\n<p><em>\u201cSi el electorado lo lleva a la gobernaci\u00f3n, cr\u00e9ame que con solo mantenernos en este nivel de atenci\u00f3n de un gobierno de salud lo vamos a aplaudir. Y volver\u00e9 a escribir para agradecerle. La vara en salud est\u00e1 alta en los \u00faltimos 35 a\u00f1os. Usted form\u00f3 parte de un Gobierno nacional que degrad\u00f3 el Ministerio de Salud y lo llev\u00f3 a Secretaria. Durante su gesti\u00f3n faltaron insumos y se recortaron programas nacionales como el Cunita o programas odontol\u00f3gicos que eran significativos en esta provincia, no juegue con la salud, no confunda al electorado, si ya comienza mintiendo, no quiero creer como ser\u00e1 un eventual gobierno suyo\u201d.<\/em><\/p>\n<p><em>\u201cTambi\u00e9n quiero que sepa que soy peronista, pero no fan\u00e1tico, y si hubiese coincidido con su spot no me atrever\u00eda a escribir esta carta. Si llega a Ud. lo saludo atte. y fuera de todo partidismo, siempre estaremos luchando por la salud\u201d.<\/em><\/p>\n","protected":false},"excerpt":{"rendered":"<p>Su nombre es Sergio Cayon, se desempe\u00f1a en el Hospital Masvernat y en el Heras, y cuestion\u00f3 sus cr\u00edticas a la pol\u00edtica de salud del Gobierno de Entre R\u00edos. \u201cEn lo posible busque mejores argumentos para sostener su campa\u00f1a pol\u00edtica\u201d, expres\u00f3 y sostuvo que nunca se le dio tanta importancia a la salud como en estos \u00faltimos ocho a\u00f1os &nbsp; &nbsp; \u201cQuisiera contarle que soy empleado p\u00fablico y pertenezco al \u00e1rea de Salud. Trabajo en el Hospital Masvernat de la ciudad de Concordia y vengo del Hospital Felipe Heras, es&#8230;<\/p>\n","protected":false},"author":3,"featured_media":104105,"comment_status":"closed","ping_status":"closed","sticky":false,"template":"","format":"standard","meta":[],"categories":[9,15],"tags":[],"_links":{"self":[{"href":"https:\/\/www.actualidadadiario.com\/index.php\/wp-json\/wp\/v2\/posts\/104104"}],"collection":[{"href":"https:\/\/www.actualidadadiario.com\/index.php\/wp-json\/wp\/v2\/posts"}],"about":[{"href":"https:\/\/www.actualidadadiario.com\/index.php\/wp-json\/wp\/v2\/types\/post"}],"author":[{"embeddable":true,"href":"https:\/\/www.actualidadadiario.com\/index.php\/wp-json\/wp\/v2\/users\/3"}],"replies":[{"embeddable":true,"href":"https:\/\/www.actualidadadiario.com\/index.php\/wp-json\/wp\/v2\/comments?post=104104"}],"version-history":[{"count":1,"href":"https:\/\/www.actualidadadiario.com\/index.php\/wp-json\/wp\/v2\/posts\/104104\/revisions"}],"predecessor-version":[{"id":104106,"href":"https:\/\/www.actualidadadiario.com\/index.php\/wp-json\/wp\/v2\/posts\/104104\/revisions\/104106"}],"wp:featuredmedia":[{"embeddable":true,"href":"https:\/\/www.actualidadadiario.com\/index.php\/wp-json\/wp\/v2\/media\/104105"}],"wp:attachment":[{"href":"https:\/\/www.actualidadadiario.com\/index.php\/wp-json\/wp\/v2\/media?parent=104104"}],"wp:term":[{"taxonomy":"category","embeddable":true,"href":"https:\/\/www.actualidadadiario.com\/index.php\/wp-json\/wp\/v2\/categories?post=104104"},{"taxonomy":"post_tag","embeddable":true,"href":"https:\/\/www.actualidadadiario.com\/index.php\/wp-json\/wp\/v2\/tags?post=104104"}],"curies":[{"name":"wp","href":"https:\/\/api.w.org\/{rel}","templated":true}]}}